{"id":16604,"date":"2021-06-10T13:04:34","date_gmt":"2021-06-10T18:04:34","guid":{"rendered":"http:\/\/elobservatorio.com.mx\/?p=16604"},"modified":"2021-06-10T13:04:34","modified_gmt":"2021-06-10T18:04:34","slug":"tey-gutierrez-dona-material-de-campana-para-construir-refugios-caninos","status":"publish","type":"post","link":"http:\/\/elobservatorio.com.mx\/?p=16604","title":{"rendered":"Tey Guti\u00e9rrez dona material de campa\u00f1a para construir refugios caninos \u00a0"},"content":{"rendered":"<p class=\"x_MsoNormal\">Villa de \u00c1lvarez, Col; a 10 de junio de 2021.- Comprometida con el medio ambiente, el reciclado y con el prop\u00f3sito de mejorar las condiciones de vida y esparcimiento de caninos y felinos, la candidata de la coalici\u00f3n \u201cVa por Colima\u201d a la Presidencia Municipal de Villa de \u00c1lvarez y virtual ganadora de la elecci\u00f3n, la Maestra Tey Guti\u00e9rrez don\u00f3 a la asociaci\u00f3n \u00abReacci\u00f3n.a.Colima\u00bb material de propaganda utilizado en su campa\u00f1a electoral.<\/p>\n<p class=\"x_MsoNormal\">En las instalaciones donde fue su casa de campa\u00f1a, agradeci\u00f3 a Fernanda Oseguera y Jorge Llerenas el que reciban \u00e9ste material que reutilizar\u00e1n para una noble labor.<\/p>\n<p class=\"x_MsoNormal\">Con las estructuras de madera y lonas que se entregaron a dicha asociaci\u00f3n, se construir\u00e1n casitas para estos animalitos mismas que ser\u00e1n facilitadas a refugios caninos de nuestro estado con el fin de que perritos y gatitos puedan tener un resguardo seguro ante los fuertes rayos solares y las lluvias que se aproximan.<\/p>\n<p class=\"x_MsoNormal\">\n","protected":false},"excerpt":{"rendered":"<p>Villa de \u00c1lvarez, Col; a 10 de junio de 2021.- Comprometida con el medio ambiente, el reciclado y con el prop\u00f3sito de mejorar las condiciones de vida y esparcimiento de caninos y felinos, la candidata de la coalici\u00f3n \u201cVa por Colima\u201d a la Presidencia Municipal de Villa de \u00c1lvarez y virtual ganadora de la elecci\u00f3n,&#8230;<\/p>\n","protected":false},"author":2,"featured_media":16605,"comment_status":"open","ping_status":"open","sticky":false,"template":"","format":"standard","meta":{"footnotes":""},"categories":[8,42],"tags":[29,30,28],"class_list":["post-16604","post","type-post","status-publish","format-standard","has-post-thumbnail","hentry","category-municipios","category-villa-de-alvarez","tag-grid","tag-news","tag-slider"],"_links":{"self":[{"href":"http:\/\/elobservatorio.com.mx\/index.php?rest_route=\/wp\/v2\/posts\/16604"}],"collection":[{"href":"http:\/\/elobservatorio.com.mx\/index.php?rest_route=\/wp\/v2\/posts"}],"about":[{"href":"http:\/\/elobservatorio.com.mx\/index.php?rest_route=\/wp\/v2\/types\/post"}],"author":[{"embeddable":true,"href":"http:\/\/elobservatorio.com.mx\/index.php?rest_route=\/wp\/v2\/users\/2"}],"replies":[{"embeddable":true,"href":"http:\/\/elobservatorio.com.mx\/index.php?rest_route=%2Fwp%2Fv2%2Fcomments&post=16604"}],"version-history":[{"count":0,"href":"http:\/\/elobservatorio.com.mx\/index.php?rest_route=\/wp\/v2\/posts\/16604\/revisions"}],"wp:featuredmedia":[{"embeddable":true,"href":"http:\/\/elobservatorio.com.mx\/index.php?rest_route=\/wp\/v2\/media\/16605"}],"wp:attachment":[{"href":"http:\/\/elobservatorio.com.mx\/index.php?rest_route=%2Fwp%2Fv2%2Fmedia&parent=16604"}],"wp:term":[{"taxonomy":"category","embeddable":true,"href":"http:\/\/elobservatorio.com.mx\/index.php?rest_route=%2Fwp%2Fv2%2Fcategories&post=16604"},{"taxonomy":"post_tag","embeddable":true,"href":"http:\/\/elobservatorio.com.mx\/index.php?rest_route=%2Fwp%2Fv2%2Ftags&post=16604"}],"curies":[{"name":"wp","href":"https:\/\/api.w.org\/{rel}","templated":true}]}}