{"id":16607,"date":"2021-06-10T13:15:34","date_gmt":"2021-06-10T18:15:34","guid":{"rendered":"http:\/\/elobservatorio.com.mx\/?p=16607"},"modified":"2021-06-10T13:15:34","modified_gmt":"2021-06-10T18:15:34","slug":"asesinan-a-balazos-a-un-hombre-sobre-la-avenida-de-los-maestros","status":"publish","type":"post","link":"http:\/\/elobservatorio.com.mx\/?p=16607","title":{"rendered":"Asesinan a balazos a un hombre sobre la avenida de Los Maestros"},"content":{"rendered":"<p>Colima, Col.-\u00a0 La inseguridad y violencia sigue en nuestro Estado, esta ma\u00f1ana se registr\u00f3 un homicidio en donde un hombre fue asesinado de varios balazos sobre la avenida De Los Maestros casi esquina con Mariano Arista en Colima.<\/p>\n<p>De acuerdo a informaci\u00f3n extraoficial,\u00a0 se inform\u00f3 que alrededor de las 11:50 de la ma\u00f1ana sujetos a bordo de un veh\u00edculo blanco abrieron fuego contra el hombre que caminaba sobre la banqueta, luego se dieron a la fuga.<\/p>\n<p>El hombre qued\u00f3 tendido sobre el suelo y sin vida.<\/p>\n<p>Las corporaciones policiacas acordonaron la zona en apoyo del Ministerio P\u00fablico quien se hizo cargo de las investigaciones.<\/p>\n","protected":false},"excerpt":{"rendered":"<p>Colima, Col.-\u00a0 La inseguridad y violencia sigue en nuestro Estado, esta ma\u00f1ana se registr\u00f3 un homicidio en donde un hombre fue asesinado de varios balazos sobre la avenida De Los Maestros casi esquina con Mariano Arista en Colima. De acuerdo a informaci\u00f3n extraoficial,\u00a0 se inform\u00f3 que alrededor de las 11:50 de la ma\u00f1ana sujetos a&#8230;<\/p>\n","protected":false},"author":2,"featured_media":16608,"comment_status":"open","ping_status":"open","sticky":false,"template":"","format":"standard","meta":{"footnotes":""},"categories":[15],"tags":[29,30,28],"class_list":["post-16607","post","type-post","status-publish","format-standard","has-post-thumbnail","hentry","category-seguridad-y-justicia","tag-grid","tag-news","tag-slider"],"_links":{"self":[{"href":"http:\/\/elobservatorio.com.mx\/index.php?rest_route=\/wp\/v2\/posts\/16607"}],"collection":[{"href":"http:\/\/elobservatorio.com.mx\/index.php?rest_route=\/wp\/v2\/posts"}],"about":[{"href":"http:\/\/elobservatorio.com.mx\/index.php?rest_route=\/wp\/v2\/types\/post"}],"author":[{"embeddable":true,"href":"http:\/\/elobservatorio.com.mx\/index.php?rest_route=\/wp\/v2\/users\/2"}],"replies":[{"embeddable":true,"href":"http:\/\/elobservatorio.com.mx\/index.php?rest_route=%2Fwp%2Fv2%2Fcomments&post=16607"}],"version-history":[{"count":0,"href":"http:\/\/elobservatorio.com.mx\/index.php?rest_route=\/wp\/v2\/posts\/16607\/revisions"}],"wp:featuredmedia":[{"embeddable":true,"href":"http:\/\/elobservatorio.com.mx\/index.php?rest_route=\/wp\/v2\/media\/16608"}],"wp:attachment":[{"href":"http:\/\/elobservatorio.com.mx\/index.php?rest_route=%2Fwp%2Fv2%2Fmedia&parent=16607"}],"wp:term":[{"taxonomy":"category","embeddable":true,"href":"http:\/\/elobservatorio.com.mx\/index.php?rest_route=%2Fwp%2Fv2%2Fcategories&post=16607"},{"taxonomy":"post_tag","embeddable":true,"href":"http:\/\/elobservatorio.com.mx\/index.php?rest_route=%2Fwp%2Fv2%2Ftags&post=16607"}],"curies":[{"name":"wp","href":"https:\/\/api.w.org\/{rel}","templated":true}]}}