{"id":16620,"date":"2021-06-10T14:23:08","date_gmt":"2021-06-10T19:23:08","guid":{"rendered":"http:\/\/elobservatorio.com.mx\/?p=16620"},"modified":"2021-06-10T14:27:32","modified_gmt":"2021-06-10T19:27:32","slug":"recibe-riult-rivera-constancia-de-mayoria-como-diputado-federal-electo-por-el-distrito-i","status":"publish","type":"post","link":"http:\/\/elobservatorio.com.mx\/?p=16620","title":{"rendered":"Recibe Riult Rivera constancia de mayor\u00eda como Diputado Federal Electo por el Distrito I"},"content":{"rendered":"<p>Colima, Colima a 10 de junio 2021.- La madrugada de este jueves 10 de abril, finaliz\u00f3 la sesi\u00f3n del c\u00f3mputo del Consejo Distrital del Instituto Nacional Electoral (INE) donde fue entregada la constancia de mayor\u00eda relativa y validez de diputaciones al H. Congreso de la Uni\u00f3n a Riult Rivera Guti\u00e9rrez, nombr\u00e1ndolo oficialmente como Diputado Federal Electo por el Distrito I.<\/p>\n<p>La entrega de constancia de mayor\u00eda relativa para Riult Rivera, solo confirma lo que d\u00edas atr\u00e1s ya se sab\u00eda respecto a su triunfo en la elecci\u00f3n del pasado 6 de junio, despu\u00e9s de finalizar la sesi\u00f3n de conteo para determinar el resultado final de 49,484 votos a su favor, contra 45,382 del segundo lugar, obteniendo una diferencia significativa entre el primer y segundo lugar de 4.102 votos.<\/p>\n<p>Posteriormente, el consejero presidente, Ram\u00f3n Roque Naranio Llerenas ratific\u00f3 el resultado con la firma y entrega de dicha constancia como ganador en el proceso electoral e integrante de la LXV legislatura del H. Congreso de la Uni\u00f3n en San L\u00e1zaro, para ejercer el comienzo de las funciones a partir del d\u00eda 1 de septiembre del 2021.<\/p>\n<p>Para finalizar Riult Rivera Guti\u00e9rrez manifest\u00f3 que se abrieron m\u00e1s de 250 paquetes electorales, calificando como una jornada intensa al momento de hacer el conteo, adem\u00e1s coment\u00f3 que existen amenazas de impugnaci\u00f3n por parte de alguno de sus adversarios, por lo que extern\u00f3 que la impugnaci\u00f3n es un derecho que en cualquier momento puede ejercerse.<\/p>\n<p>Rivera Guti\u00e9rrez se muestra tranquilo y seguro de que no existe ning\u00fan elemento que otros partidos pueda utilizar en su contra para anular casillas ni la elecci\u00f3n, asegurando que los procedimientos electorales se cumplieron como la ley lo marca, evitando que cualquier recurso impugnatorio pueda ser v\u00e1lido para revertir el resultado.<\/p>\n","protected":false},"excerpt":{"rendered":"<p>Colima, Colima a 10 de junio 2021.- La madrugada de este jueves 10 de abril, finaliz\u00f3 la sesi\u00f3n del c\u00f3mputo del Consejo Distrital del Instituto Nacional Electoral (INE) donde fue entregada la constancia de mayor\u00eda relativa y validez de diputaciones al H. Congreso de la Uni\u00f3n a Riult Rivera Guti\u00e9rrez, nombr\u00e1ndolo oficialmente como Diputado Federal&#8230;<\/p>\n","protected":false},"author":2,"featured_media":16621,"comment_status":"open","ping_status":"open","sticky":false,"template":"","format":"standard","meta":{"footnotes":""},"categories":[52,10],"tags":[29,30,28],"class_list":["post-16620","post","type-post","status-publish","format-standard","has-post-thumbnail","hentry","category-elecciones-2021","category-politica","tag-grid","tag-news","tag-slider"],"_links":{"self":[{"href":"http:\/\/elobservatorio.com.mx\/index.php?rest_route=\/wp\/v2\/posts\/16620"}],"collection":[{"href":"http:\/\/elobservatorio.com.mx\/index.php?rest_route=\/wp\/v2\/posts"}],"about":[{"href":"http:\/\/elobservatorio.com.mx\/index.php?rest_route=\/wp\/v2\/types\/post"}],"author":[{"embeddable":true,"href":"http:\/\/elobservatorio.com.mx\/index.php?rest_route=\/wp\/v2\/users\/2"}],"replies":[{"embeddable":true,"href":"http:\/\/elobservatorio.com.mx\/index.php?rest_route=%2Fwp%2Fv2%2Fcomments&post=16620"}],"version-history":[{"count":0,"href":"http:\/\/elobservatorio.com.mx\/index.php?rest_route=\/wp\/v2\/posts\/16620\/revisions"}],"wp:featuredmedia":[{"embeddable":true,"href":"http:\/\/elobservatorio.com.mx\/index.php?rest_route=\/wp\/v2\/media\/16621"}],"wp:attachment":[{"href":"http:\/\/elobservatorio.com.mx\/index.php?rest_route=%2Fwp%2Fv2%2Fmedia&parent=16620"}],"wp:term":[{"taxonomy":"category","embeddable":true,"href":"http:\/\/elobservatorio.com.mx\/index.php?rest_route=%2Fwp%2Fv2%2Fcategories&post=16620"},{"taxonomy":"post_tag","embeddable":true,"href":"http:\/\/elobservatorio.com.mx\/index.php?rest_route=%2Fwp%2Fv2%2Ftags&post=16620"}],"curies":[{"name":"wp","href":"https:\/\/api.w.org\/{rel}","templated":true}]}}