{"id":16632,"date":"2021-06-10T15:21:16","date_gmt":"2021-06-10T20:21:16","guid":{"rendered":"http:\/\/elobservatorio.com.mx\/?p=16632"},"modified":"2021-06-10T15:21:16","modified_gmt":"2021-06-10T20:21:16","slug":"pc-municipal-apoya-en-sofocar-incendio-de-camioneta-tipo-van-este-medio-dia","status":"publish","type":"post","link":"http:\/\/elobservatorio.com.mx\/?p=16632","title":{"rendered":"PC municipal apoya en sofocar incendio de camioneta tipo van, este medio d\u00eda"},"content":{"rendered":"<p>Aproximadamente a las 13:15 horas de este jueves 10 de junio, la Guardia Nacional de Carreteras inform\u00f3 a la Unidad Municipal de Protecci\u00f3n Civil de Tecom\u00e1n, (UMPC) del incendio de una camioneta tipo van, a la altura de la empresa Dupont en la carretera cuatro carriles de Colima a Tecom\u00e1n, en donde el conductor de la misma alcanz\u00f3 a salir del veh\u00edculo ileso, sin embargo el veh\u00edculo si fue p\u00e9rdida total.<br \/>\nAs\u00ed lo inform\u00f3 el titular de la UMPC Roberto Campuzano L\u00f3pez quien abund\u00f3 que en el combate al siniestro, tambi\u00e9n participaron elementos de la Direcci\u00f3n General de Seguridad P\u00fablica y Polic\u00eda Vial (DGSPyPV) y el H. Cuerpo de Bomberos de Tecom\u00e1n.<\/p>\n","protected":false},"excerpt":{"rendered":"<p>Aproximadamente a las 13:15 horas de este jueves 10 de junio, la Guardia Nacional de Carreteras inform\u00f3 a la Unidad Municipal de Protecci\u00f3n Civil de Tecom\u00e1n, (UMPC) del incendio de una camioneta tipo van, a la altura de la empresa Dupont en la carretera cuatro carriles de Colima a Tecom\u00e1n, en donde el conductor de&#8230;<\/p>\n","protected":false},"author":2,"featured_media":16633,"comment_status":"open","ping_status":"open","sticky":false,"template":"","format":"standard","meta":{"footnotes":""},"categories":[8,34],"tags":[29,30,28],"class_list":["post-16632","post","type-post","status-publish","format-standard","has-post-thumbnail","hentry","category-municipios","category-tecoman","tag-grid","tag-news","tag-slider"],"_links":{"self":[{"href":"http:\/\/elobservatorio.com.mx\/index.php?rest_route=\/wp\/v2\/posts\/16632"}],"collection":[{"href":"http:\/\/elobservatorio.com.mx\/index.php?rest_route=\/wp\/v2\/posts"}],"about":[{"href":"http:\/\/elobservatorio.com.mx\/index.php?rest_route=\/wp\/v2\/types\/post"}],"author":[{"embeddable":true,"href":"http:\/\/elobservatorio.com.mx\/index.php?rest_route=\/wp\/v2\/users\/2"}],"replies":[{"embeddable":true,"href":"http:\/\/elobservatorio.com.mx\/index.php?rest_route=%2Fwp%2Fv2%2Fcomments&post=16632"}],"version-history":[{"count":0,"href":"http:\/\/elobservatorio.com.mx\/index.php?rest_route=\/wp\/v2\/posts\/16632\/revisions"}],"wp:featuredmedia":[{"embeddable":true,"href":"http:\/\/elobservatorio.com.mx\/index.php?rest_route=\/wp\/v2\/media\/16633"}],"wp:attachment":[{"href":"http:\/\/elobservatorio.com.mx\/index.php?rest_route=%2Fwp%2Fv2%2Fmedia&parent=16632"}],"wp:term":[{"taxonomy":"category","embeddable":true,"href":"http:\/\/elobservatorio.com.mx\/index.php?rest_route=%2Fwp%2Fv2%2Fcategories&post=16632"},{"taxonomy":"post_tag","embeddable":true,"href":"http:\/\/elobservatorio.com.mx\/index.php?rest_route=%2Fwp%2Fv2%2Ftags&post=16632"}],"curies":[{"name":"wp","href":"https:\/\/api.w.org\/{rel}","templated":true}]}}