{"id":16635,"date":"2021-06-10T16:05:48","date_gmt":"2021-06-10T21:05:48","guid":{"rendered":"http:\/\/elobservatorio.com.mx\/?p=16635"},"modified":"2021-06-10T16:05:48","modified_gmt":"2021-06-10T21:05:48","slug":"kamala-harris-pidio-a-amlo-dejar-trabajar-a-las-ong-y-a-la-prensa","status":"publish","type":"post","link":"http:\/\/elobservatorio.com.mx\/?p=16635","title":{"rendered":"Kamala Harris pidi\u00f3 a AMLO dejar trabajar a las ONG y a la prensa"},"content":{"rendered":"<p><em>*La vicepresidenta de Estados Unidos afirma que fue muy directa con el Presidente L\u00f3pez Obrador<\/em><\/p>\n<p><strong>Kamala Harris<\/strong>, vicepresidenta de Estados Unidos, afirm\u00f3 este jueves en una entrevista con la agencia Efe que, durante sus reuniones esta semana con el Presidente de M\u00e9xico, Andres Manuel L\u00f3pez Obrador, le pidi\u00f3 que <strong>deje \u00abhacer su trabajo\u00bb sin obst\u00e1culos a las ONG y la prensa\u00a0<\/strong>en su pa\u00eds<\/p>\n<p>\u00abEste es un tema que me preocupa profundamente, porque queremos asegurarnos de que hay independencia: un sistema judicial independiente, una prensa independiente, y que las organizaciones sin \u00e1nimo de lucro, las ONG, puedan hacer su trabajo sin interferencias. Eso lo dej\u00e9 muy claro\u00bb, asegur\u00f3 Harris.<\/p>\n<p>La vicepresidenta estadounidense a\u00f1adi\u00f3 que\u00a0<strong>fue \u00abmuy franca\u00bb\u00a0<\/strong>con el\u00a0presidentes mexicano y tambi\u00e9n con el guatemalteco, Alejandro Giammattei, y les dijo que est\u00e1 \u00abpreocupada por la corrupci\u00f3n y la impunidad\u00bb en sus pa\u00edses.<\/p>\n<p>\u00abFui muy directa con cada uno de ellos respecto a esas preocupaciones\u00bb, garantiz\u00f3 Harris en su conversaci\u00f3n telef\u00f3nica con Efe, dos d\u00edas despu\u00e9s de regresar de su viaje a Guatemala y M\u00e9xico.<\/p>\n<p>Harris respondi\u00f3 as\u00ed a una pregunta\u00a0sobre la pol\u00e9mica reforma en Guatemala de la ley sobre organizaciones no gubernamentales, promovida por el partido oficial y que habilitar\u00e1 la anulaci\u00f3n por decisi\u00f3n estatal de manera unilateral de cualquier ONG asentada en el pa\u00eds.<\/p>\n<p>Por su parte, el Gobierno mexicano se ha\u00a0<strong>quejado con Estados Unidos<\/strong>\u00a0por financiar a organizaciones como Art\u00edculo 19 y Mexicanos contra la Corrupci\u00f3n y la Impunidad (MCCI), que L\u00f3pez Obrador tacha de \u00abgolpistas\u00bb y \u00abopositoras\u00bb, y el mandatario de ese pa\u00eds tambi\u00e9n ha recibido algunas cr\u00edticas por su tratamiento de la prensa.<\/p>\n<p>En la entrevista, Harris tambi\u00e9n defendi\u00f3 que su Gobierno no est\u00e1 \u00abignorando\u00bb a Honduras y El Salvador, dos pa\u00edses que ella no incluy\u00f3 en su gira de esta semana, a pesar de que su misi\u00f3n es hacer frente a las causas de ra\u00edz que generan la migraci\u00f3n en todo el Tri\u00e1ngulo Norte de Centroam\u00e9rica.<\/p>\n<p>\u00abNo hemos ignorado ninguna regi\u00f3n de los tres pa\u00edses\u00bb, subray\u00f3 Harris, quien evit\u00f3 comprometerse espec\u00edficamente a visitar Honduras o El Salvador, cuyos l\u00edderes generan m\u00e1s cr\u00edticas en Estados Unidos por su presunta corrupci\u00f3n que los de M\u00e9xico y Guatemala.<\/p>\n<div class=\" b2\">\n<div id=\"infinite-ad-0-2\" class=\"banner bnr-bb\" data-google-query-id=\"COS8uoD7jfECFU1H1Qod2YIMVQ\"><\/div>\n<\/div>\n<p>&nbsp;<\/p>\n","protected":false},"excerpt":{"rendered":"<p>*La vicepresidenta de Estados Unidos afirma que fue muy directa con el Presidente L\u00f3pez Obrador Kamala Harris, vicepresidenta de Estados Unidos, afirm\u00f3 este jueves en una entrevista con la agencia Efe que, durante sus reuniones esta semana con el Presidente de M\u00e9xico, Andres Manuel L\u00f3pez Obrador, le pidi\u00f3 que deje \u00abhacer su trabajo\u00bb sin obst\u00e1culos&#8230;<\/p>\n","protected":false},"author":2,"featured_media":16636,"comment_status":"open","ping_status":"open","sticky":false,"template":"","format":"standard","meta":{"footnotes":""},"categories":[13],"tags":[29,30,28],"class_list":["post-16635","post","type-post","status-publish","format-standard","has-post-thumbnail","hentry","category-nacion-y-mundo","tag-grid","tag-news","tag-slider"],"_links":{"self":[{"href":"http:\/\/elobservatorio.com.mx\/index.php?rest_route=\/wp\/v2\/posts\/16635"}],"collection":[{"href":"http:\/\/elobservatorio.com.mx\/index.php?rest_route=\/wp\/v2\/posts"}],"about":[{"href":"http:\/\/elobservatorio.com.mx\/index.php?rest_route=\/wp\/v2\/types\/post"}],"author":[{"embeddable":true,"href":"http:\/\/elobservatorio.com.mx\/index.php?rest_route=\/wp\/v2\/users\/2"}],"replies":[{"embeddable":true,"href":"http:\/\/elobservatorio.com.mx\/index.php?rest_route=%2Fwp%2Fv2%2Fcomments&post=16635"}],"version-history":[{"count":0,"href":"http:\/\/elobservatorio.com.mx\/index.php?rest_route=\/wp\/v2\/posts\/16635\/revisions"}],"wp:featuredmedia":[{"embeddable":true,"href":"http:\/\/elobservatorio.com.mx\/index.php?rest_route=\/wp\/v2\/media\/16636"}],"wp:attachment":[{"href":"http:\/\/elobservatorio.com.mx\/index.php?rest_route=%2Fwp%2Fv2%2Fmedia&parent=16635"}],"wp:term":[{"taxonomy":"category","embeddable":true,"href":"http:\/\/elobservatorio.com.mx\/index.php?rest_route=%2Fwp%2Fv2%2Fcategories&post=16635"},{"taxonomy":"post_tag","embeddable":true,"href":"http:\/\/elobservatorio.com.mx\/index.php?rest_route=%2Fwp%2Fv2%2Ftags&post=16635"}],"curies":[{"name":"wp","href":"https:\/\/api.w.org\/{rel}","templated":true}]}}