{"id":16651,"date":"2021-06-11T15:26:34","date_gmt":"2021-06-11T20:26:34","guid":{"rendered":"http:\/\/elobservatorio.com.mx\/?p=16651"},"modified":"2021-06-11T15:26:34","modified_gmt":"2021-06-11T20:26:34","slug":"dif-estatal-realiza-la-campana-de-sensibilizacion-contra-el-trabajo-infantil","status":"publish","type":"post","link":"http:\/\/elobservatorio.com.mx\/?p=16651","title":{"rendered":"DIF Estatal realiza la campa\u00f1a de sensibilizaci\u00f3n contra el trabajo infantil"},"content":{"rendered":"<p class=\"x_MsoNormal\"><em>*En el marco del 12 de junio D\u00eda Mundial Contra el Trabajo Infantil<\/em><\/p>\n<p class=\"x_MsoNormal\">Con el objetivo de fortalecer y dar continuidad a las acciones para proteger y salvaguardar los derechos de las ni\u00f1as, ni\u00f1os y adolescentes, el DIF Estatal Colima llev\u00f3 a cabo la campa\u00f1a de sensibilizaci\u00f3n \u201cSeamos un Escudo Contra el Trabajo Infantil\u201d, en el marco del 12 de junio D\u00eda Mundial Contra el Trabajo Infantil.<\/p>\n<p class=\"x_MsoNormal\">En el evento, Julia Jahel P\u00e9rez Qui\u00f1onez, directora general del Organismo Asistencial, se\u00f1al\u00f3 que para el gobernador Jos\u00e9 Ignacio Peralta S\u00e1nchez ha sido una prioridad hacer valer los derechos de la ni\u00f1ez y la adolescencia en el estado, impulsando su desarrollo integral.<\/p>\n<p class=\"x_MsoNormal\">En este sentido, destac\u00f3 que el Trabajo infantil ha sido uno de los principales puntos sensibles para el Sistema para el Desarrollo Integral de la Familia; \u201cseguiremos uniendo esfuerzos y multiplicando nuestros recursos y acciones para atender a aquellas ni\u00f1as, ni\u00f1os y adolescentes a los que todav\u00eda no nos ha sido posible llegar, para darles una esperanza y contribuir a que puedan vivir su ni\u00f1ez en plenitud\u201d, resalt\u00f3.<\/p>\n<p class=\"x_MsoNormal\">En el evento, P\u00e9rez Qui\u00f1onez, acompa\u00f1ada de directivos de la Instituci\u00f3n, realizaron pintas de autom\u00f3viles y entregaron tarjetas alusivas a la fecha; finalmente la funcionaria mencion\u00f3, que se llevaron a cabo diversas actividades en el estado de manera simult\u00e1nea, en coordinaci\u00f3n con los DIF Municipales a trav\u00e9s del programa PANNAR.<\/p>\n","protected":false},"excerpt":{"rendered":"<p>*En el marco del 12 de junio D\u00eda Mundial Contra el Trabajo Infantil Con el objetivo de fortalecer y dar continuidad a las acciones para proteger y salvaguardar los derechos de las ni\u00f1as, ni\u00f1os y adolescentes, el DIF Estatal Colima llev\u00f3 a cabo la campa\u00f1a de sensibilizaci\u00f3n \u201cSeamos un Escudo Contra el Trabajo Infantil\u201d, en&#8230;<\/p>\n","protected":false},"author":2,"featured_media":16652,"comment_status":"open","ping_status":"open","sticky":false,"template":"","format":"standard","meta":{"footnotes":""},"categories":[16],"tags":[29,30,28],"class_list":["post-16651","post","type-post","status-publish","format-standard","has-post-thumbnail","hentry","category-gobierno","tag-grid","tag-news","tag-slider"],"_links":{"self":[{"href":"http:\/\/elobservatorio.com.mx\/index.php?rest_route=\/wp\/v2\/posts\/16651"}],"collection":[{"href":"http:\/\/elobservatorio.com.mx\/index.php?rest_route=\/wp\/v2\/posts"}],"about":[{"href":"http:\/\/elobservatorio.com.mx\/index.php?rest_route=\/wp\/v2\/types\/post"}],"author":[{"embeddable":true,"href":"http:\/\/elobservatorio.com.mx\/index.php?rest_route=\/wp\/v2\/users\/2"}],"replies":[{"embeddable":true,"href":"http:\/\/elobservatorio.com.mx\/index.php?rest_route=%2Fwp%2Fv2%2Fcomments&post=16651"}],"version-history":[{"count":0,"href":"http:\/\/elobservatorio.com.mx\/index.php?rest_route=\/wp\/v2\/posts\/16651\/revisions"}],"wp:featuredmedia":[{"embeddable":true,"href":"http:\/\/elobservatorio.com.mx\/index.php?rest_route=\/wp\/v2\/media\/16652"}],"wp:attachment":[{"href":"http:\/\/elobservatorio.com.mx\/index.php?rest_route=%2Fwp%2Fv2%2Fmedia&parent=16651"}],"wp:term":[{"taxonomy":"category","embeddable":true,"href":"http:\/\/elobservatorio.com.mx\/index.php?rest_route=%2Fwp%2Fv2%2Fcategories&post=16651"},{"taxonomy":"post_tag","embeddable":true,"href":"http:\/\/elobservatorio.com.mx\/index.php?rest_route=%2Fwp%2Fv2%2Ftags&post=16651"}],"curies":[{"name":"wp","href":"https:\/\/api.w.org\/{rel}","templated":true}]}}