{"id":1683,"date":"2019-01-17T23:43:11","date_gmt":"2019-01-17T23:43:11","guid":{"rendered":"http:\/\/elobservatorio.com.mx\/elaboramos-proyecto-de-mejoria-de-movilidad-para-pacientes-y-familiares-que-acuden-a-clinica-1-del-imss-felipe-cruz"},"modified":"2019-01-17T23:43:11","modified_gmt":"2019-01-17T23:43:11","slug":"elaboramos-proyecto-de-mejoria-de-movilidad-para-pacientes-y-familiares-que-acuden-a-clinica-1-del-imss-felipe-cruz","status":"publish","type":"post","link":"http:\/\/elobservatorio.com.mx\/?p=1683","title":{"rendered":"Elaboramos proyecto de mejor\u00eda de Movilidad para pacientes y familiares que acuden a Cl\u00ednica 1 del IMSS: Felipe Cruz"},"content":{"rendered":"<p>El Presidente Municipal Felipe Cruz Calvario inform\u00f3 que su administraci\u00f3n elabora un proyecto vial y de movilidad en beneficio de pacientes y familiares de \u00e9stos que necesitan de los servicios de la cl\u00ednica 1 del Instituto Mexicano del Seguro Social.<\/p>\n<p>Cruz calvario, quien hizo un recorrido por el centro hist\u00f3rico de la ciudad, para saludar a ciudadanos, \u00a0expres\u00f3 que, como resultado de una reuni\u00f3n de trabajo que sostuvo con el delegado del IMSS en el Estado de Colima, Dr. Jos\u00e9 Rivas Guzm\u00e1n, instruy\u00f3 a funcionarios del \u00e1rea de Tr\u00e1nsito y Vialidad, a cargo de Daniel Iglesias Y\u00e1\u00f1ez, para mejorar las condiciones de infraestructura vial en el exterior de la cl\u00ednica.<\/p>\n<p>En estos momentos se elabora el proyecto de mejor\u00eda, consistente en una nueva \u00e1rea para el ser vicio de taxis, as\u00ed como la mejor\u00eda en lo correspondiente al servicio que prestan los minibuses; esto es, que quienes acuden al hospital, y se ven en la necesidad de usar taxi y minib\u00fas, cuenten con el espacio adecuado de accesibilidad, por su propia seguridad; esto implica, tambi\u00e9n, rampas para personas con discapacidad y el reacondicionamiento del camell\u00f3n para el paso peatonal de una acera a otra, concluy\u00f3 el alcalde villalvarense.<\/p>\n","protected":false},"excerpt":{"rendered":"<p>El Presidente Municipal Felipe Cruz Calvario inform\u00f3 que su administraci\u00f3n elabora un proyecto vial y de movilidad en beneficio de pacientes y familiares de \u00e9stos que necesitan de los servicios de la cl\u00ednica 1 del Instituto Mexicano del Seguro Social. Cruz calvario, quien hizo un recorrido por el centro hist\u00f3rico de la ciudad, para saludar&#8230;<\/p>\n","protected":false},"author":2,"featured_media":1684,"comment_status":"open","ping_status":"open","sticky":false,"template":"","format":"standard","meta":{"footnotes":""},"categories":[8,42],"tags":[29,30,28],"class_list":["post-1683","post","type-post","status-publish","format-standard","has-post-thumbnail","hentry","category-municipios","category-villa-de-alvarez","tag-grid","tag-news","tag-slider"],"_links":{"self":[{"href":"http:\/\/elobservatorio.com.mx\/index.php?rest_route=\/wp\/v2\/posts\/1683"}],"collection":[{"href":"http:\/\/elobservatorio.com.mx\/index.php?rest_route=\/wp\/v2\/posts"}],"about":[{"href":"http:\/\/elobservatorio.com.mx\/index.php?rest_route=\/wp\/v2\/types\/post"}],"author":[{"embeddable":true,"href":"http:\/\/elobservatorio.com.mx\/index.php?rest_route=\/wp\/v2\/users\/2"}],"replies":[{"embeddable":true,"href":"http:\/\/elobservatorio.com.mx\/index.php?rest_route=%2Fwp%2Fv2%2Fcomments&post=1683"}],"version-history":[{"count":0,"href":"http:\/\/elobservatorio.com.mx\/index.php?rest_route=\/wp\/v2\/posts\/1683\/revisions"}],"wp:featuredmedia":[{"embeddable":true,"href":"http:\/\/elobservatorio.com.mx\/index.php?rest_route=\/wp\/v2\/media\/1684"}],"wp:attachment":[{"href":"http:\/\/elobservatorio.com.mx\/index.php?rest_route=%2Fwp%2Fv2%2Fmedia&parent=1683"}],"wp:term":[{"taxonomy":"category","embeddable":true,"href":"http:\/\/elobservatorio.com.mx\/index.php?rest_route=%2Fwp%2Fv2%2Fcategories&post=1683"},{"taxonomy":"post_tag","embeddable":true,"href":"http:\/\/elobservatorio.com.mx\/index.php?rest_route=%2Fwp%2Fv2%2Ftags&post=1683"}],"curies":[{"name":"wp","href":"https:\/\/api.w.org\/{rel}","templated":true}]}}