{"id":16870,"date":"2021-06-24T12:00:47","date_gmt":"2021-06-24T17:00:47","guid":{"rendered":"http:\/\/elobservatorio.com.mx\/?p=16870"},"modified":"2021-06-24T12:00:47","modified_gmt":"2021-06-24T17:00:47","slug":"conoce-el-calendario-escolar-2021-2022-de-la-sep","status":"publish","type":"post","link":"http:\/\/elobservatorio.com.mx\/?p=16870","title":{"rendered":"Conoce el calendario escolar 2021-2022 de la SEP"},"content":{"rendered":"<div class=\"post_excerpt\">\n<p><em>*El Calendario Escolar establece que las clases iniciar\u00e1n el pr\u00f3ximo 30 de agosto de 2021 y concluir\u00e1n el 28 de julio de 2022<\/em><\/p>\n<p>La Secretar\u00eda de Educaci\u00f3n P\u00fablica (<strong>SEP<\/strong>), public\u00f3 el\u00a0<strong>Calendario Escolar<\/strong>\u00a0para el ciclo lectivo 2021-2022, el cual consiste en 200 d\u00edas de clase, aplicable en toda la Rep\u00fablica para las escuelas de educaci\u00f3n preescolar, primaria y secundaria,\u00a0<strong>p\u00fablicas<\/strong>\u00a0y\u00a0<strong>particulares<\/strong>\u00a0incorporadas al Sistema Educativo Nacional.<\/p>\n<p>El Calendario Escolar establece que las clases iniciar\u00e1n el pr\u00f3ximo 30 de agosto de 2021 y concluir\u00e1n el 28 de julio de 2022, seg\u00fan lo publicado en el\u00a0<a href=\"https:\/\/www.dof.gob.mx\/nota_detalle.php?codigo=5622116&amp;fecha=24\/06\/2021\" target=\"_blank\" rel=\"noopener noreferrer\">Diario Oficial de la Federaci\u00f3n<\/a>\u00a0(<strong>DOF<\/strong>).<\/p>\n<h3>INSCRIPCIONES<\/h3>\n<p>Conforme a lo publicado, el periodo de\u00a0<strong>inscripciones<\/strong>\u00a0y\u00a0<strong>reinscripciones<\/strong>\u00a0contar\u00e1 con 20 d\u00edas efectivos, del 16 de agosto al 10 de septiembre pr\u00f3ximos.<\/p>\n<p>Mientras que la\u00a0<strong>Sesi\u00f3n del Comit\u00e9 Participativo de Salud Escolar<\/strong>, y las jornadas de limpieza en escuelas, tendr\u00e1n lugar los d\u00edas 11, 12 y 13 de agosto de 2021.<\/p>\n<p>Asimismo, en el documento se se\u00f1ala la realizaci\u00f3n del Taller intensivo de capacitaci\u00f3n docente, del 16 al 20 de agosto de 2021, mientras que los Consejos T\u00e9cnicos Escolares (<strong>CTE<\/strong>) tendr\u00e1n 13 sesiones, en 2021: 23, 24, 25, 26 y 27 de agosto, 29 de octubre y 26 de noviembre; mientras que en 2022 ser\u00e1n el 28 de enero, 25 de febrero, 25 de marzo, 29 de abril, 27 de mayo y 24 de junio.<\/p>\n<p>Por otra parte, se sostendr\u00e1n reuniones con madres, padres de familia y tutores los d\u00edas 30 de agosto de 2021 y 28 de julio de 2022.<\/p>\n<p>Adem\u00e1s, del 30 de agosto pr\u00f3ximo y hasta el 10 de septiembre de 2021, se realizar\u00e1 el periodo de valoraci\u00f3n diagn\u00f3stica.<\/p>\n<h3>PERIODO EXTRAORDINARIO<\/h3>\n<p>El<strong>\u00a0periodo extraordinario<\/strong>\u00a0de\u00a0<strong>recuperaci\u00f3n<\/strong>\u00a0constar\u00e1 de 46 d\u00edas efectivos, que van del 13 de septiembre al 23 de noviembre de 2021; mientras que para la descarga administrativa se contemplan cuatro d\u00edas: el 12 de noviembre pr\u00f3ximo; 18 de marzo, 17 de junio y 29 de julio de 2022.<\/p>\n<p>Adem\u00e1s, habr\u00e1 suspensi\u00f3n de labores docentes el 16 de septiembre; 1, 2 y 15 de noviembre pr\u00f3ximos; el 6 de enero, 7 de febrero, 21 de marzo y 5 de mayo de 2022.<\/p>\n<p>Asimismo, el Calendario Escolar contempla como fecha emblem\u00e1tica el pr\u00f3ximo 3 de octubre donde se conmemorar\u00e1 el Centenario de la Fundaci\u00f3n de la SEP.<\/p>\n<h3>ENTREGA DE BOLETAS<\/h3>\n<p>La entrega de\u00a0<strong>boletas<\/strong>\u00a0de evaluaci\u00f3n a las madres y padres de familia o tutores se realizar\u00e1 el 24, 25, 29 y 30 de noviembre de 2021; 28, 29, 30 y 31 de marzo de 2022 y 25, 26, 27 y 28 de julio del mismo a\u00f1o.<\/p>\n<h3>VACACIONES<\/h3>\n<p>Las vacaciones escolares estar\u00e1n compuestas por 10 d\u00edas h\u00e1biles para\u00a0<strong>invierno<\/strong>, del 20 al 31 de diciembre de 2021; 10 d\u00edas para\u00a0<strong>Semana Santa<\/strong>, que comprender\u00e1n del 11 al 22 de abril de 2022, en tanto que para verano le corresponden por lo menos 20 d\u00edas que iniciar\u00e1n el 29 de julio de 2022 y su conclusi\u00f3n se dar\u00e1 a conocer hasta la publicaci\u00f3n oficial del Calendario Escolar 2022-2023.<\/p>\n<h3>PREINSCRIPCIONES A PREESCOLAR<\/h3>\n<p>Finalmente, se informa que las\u00a0<strong>preinscripciones<\/strong>\u00a0a preescolar, primer grado de primaria y primer grado de secundaria para el ciclo escolar 2022-2023, se realizar\u00e1n del 1 al 16 de febrero de 2022.<\/p>\n<p>La SEP reitera que es responsabilidad de las autoridades educativas locales garantizar el cumplimiento del calendario lectivo 2021-2022 y que, las jornadas escolares, deber\u00e1n cumplir con el tiempo efectivo de clases m\u00ednimo establecido en los planes y programas vigentes.<\/p>\n<p>Las entidades que as\u00ed lo requieran podr\u00e1n solicitar a la SEP cualquier ajuste en el calendario, siempre y cuando se cumplan con los 200 d\u00edas de clase para la Educaci\u00f3n B\u00e1sica.<\/p>\n<p>Para la educaci\u00f3n normal y la formaci\u00f3n de maestros de Educaci\u00f3n B\u00e1sica, ser\u00e1 de 195 d\u00edas.<\/p>\n<p><img loading=\"lazy\" decoding=\"async\" class=\"alignnone wp-image-16871 size-full\" src=\"http:\/\/elobservatorio.com.mx\/wp-content\/uploads\/2021\/06\/calendario.jpg\" alt=\"\" width=\"536\" height=\"393\" srcset=\"http:\/\/elobservatorio.com.mx\/wp-content\/uploads\/2021\/06\/calendario.jpg 536w, http:\/\/elobservatorio.com.mx\/wp-content\/uploads\/2021\/06\/calendario-300x220.jpg 300w\" sizes=\"(max-width: 536px) 100vw, 536px\" \/><\/p>\n<\/div>\n","protected":false},"excerpt":{"rendered":"<p>*El Calendario Escolar establece que las clases iniciar\u00e1n el pr\u00f3ximo 30 de agosto de 2021 y concluir\u00e1n el 28 de julio de 2022 La Secretar\u00eda de Educaci\u00f3n P\u00fablica (SEP), public\u00f3 el\u00a0Calendario Escolar\u00a0para el ciclo lectivo 2021-2022, el cual consiste en 200 d\u00edas de clase, aplicable en toda la Rep\u00fablica para las escuelas de educaci\u00f3n preescolar,&#8230;<\/p>\n","protected":false},"author":2,"featured_media":16871,"comment_status":"open","ping_status":"open","sticky":false,"template":"","format":"standard","meta":{"footnotes":""},"categories":[14],"tags":[29,30,28],"class_list":["post-16870","post","type-post","status-publish","format-standard","has-post-thumbnail","hentry","category-educacion-y-cultura","tag-grid","tag-news","tag-slider"],"_links":{"self":[{"href":"http:\/\/elobservatorio.com.mx\/index.php?rest_route=\/wp\/v2\/posts\/16870"}],"collection":[{"href":"http:\/\/elobservatorio.com.mx\/index.php?rest_route=\/wp\/v2\/posts"}],"about":[{"href":"http:\/\/elobservatorio.com.mx\/index.php?rest_route=\/wp\/v2\/types\/post"}],"author":[{"embeddable":true,"href":"http:\/\/elobservatorio.com.mx\/index.php?rest_route=\/wp\/v2\/users\/2"}],"replies":[{"embeddable":true,"href":"http:\/\/elobservatorio.com.mx\/index.php?rest_route=%2Fwp%2Fv2%2Fcomments&post=16870"}],"version-history":[{"count":0,"href":"http:\/\/elobservatorio.com.mx\/index.php?rest_route=\/wp\/v2\/posts\/16870\/revisions"}],"wp:featuredmedia":[{"embeddable":true,"href":"http:\/\/elobservatorio.com.mx\/index.php?rest_route=\/wp\/v2\/media\/16871"}],"wp:attachment":[{"href":"http:\/\/elobservatorio.com.mx\/index.php?rest_route=%2Fwp%2Fv2%2Fmedia&parent=16870"}],"wp:term":[{"taxonomy":"category","embeddable":true,"href":"http:\/\/elobservatorio.com.mx\/index.php?rest_route=%2Fwp%2Fv2%2Fcategories&post=16870"},{"taxonomy":"post_tag","embeddable":true,"href":"http:\/\/elobservatorio.com.mx\/index.php?rest_route=%2Fwp%2Fv2%2Ftags&post=16870"}],"curies":[{"name":"wp","href":"https:\/\/api.w.org\/{rel}","templated":true}]}}