{"id":16886,"date":"2021-06-25T14:45:29","date_gmt":"2021-06-25T19:45:29","guid":{"rendered":"http:\/\/elobservatorio.com.mx\/?p=16886"},"modified":"2021-06-25T14:45:29","modified_gmt":"2021-06-25T19:45:29","slug":"confirmado-programa-de-juegos-de-la-final-de-copa-continental-de-voleibol-de-playa-norceca","status":"publish","type":"post","link":"http:\/\/elobservatorio.com.mx\/?p=16886","title":{"rendered":"Confirmado programa de juegos de la Final de Copa Continental de Voleibol de Playa Norceca"},"content":{"rendered":"<p class=\"x_MsoNormal\"><i>*Este viernes inician con los cuartos de final a las 9:00 horas y hasta las 17:00 horas en ambas ramas femenil y varonil<\/i><\/p>\n<p class=\"x_MsoNormal\">El Comit\u00e9 Organizador de la Final de la Copa Continental Norceca Colima 2021, ha confirmado que la programaci\u00f3n de juegos de este evento deportivo que otorga el \u00faltimo boleto a los Juegos Ol\u00edmpicos de Tokio 2020, ser\u00e1 la que se present\u00f3 en la junta t\u00e9cnica con las y los jugadores de los ocho pa\u00edses participantes.<\/p>\n<p class=\"x_MsoNormal\">Las y los jugadores de los equipos participantes aprovecharon este jueves para entrenar y adaptarse a la cancha de arena ubicada en la Unidad Deportiva Morelos, as\u00ed como aclimatarse a las condiciones del suelo y el aire, que hay en esta zona.<\/p>\n<p class=\"x_MsoNormal\">La competencia iniciar\u00e1 con los cuartos de final este viernes 25 de junio con el primer juego, a partir de las 9:00 horas, Guatemala contra Puerto Rico, en la rama varonil.<\/p>\n<p class=\"x_MsoNormal\">En el segundo juego, competir\u00e1n Nicaragua contra Puerto Rico, a las 11:00 horas, en la rama femenil; a las 13:00 horas, se enfrentar\u00e1 en la rama varonil Nicaragua contra EEUU Islas V\u00edrgenes y cerrar\u00e1n la jornada con el juego 4, a las 15:00 horas, Guatemala contra Costa Rica, en la rama femenil.<\/p>\n<p class=\"x_MsoNormal\">El s\u00e1bado ser\u00e1n las semifinales de la competencia y el domingo las finales en las dos ramas.<\/p>\n<p class=\"x_MsoNormal\">Cabe destacar que los juegos ser\u00e1n transmitidos en: <a id=\"LPlnk233874\" href=\"http:\/\/conceptoweb-studio.com\/radio\/video\/rtv\/minisitio\/tvstreaming2\/tvstream2.html\" target=\"_blank\" rel=\"noopener noreferrer\" data-auth=\"NotApplicable\" data-linkindex=\"0\">http:\/\/conceptowebstudio.com\/radio\/video\/rtv\/minisitio\/tvstreaming2\/tvstream2.html<\/a>.<\/p>\n","protected":false},"excerpt":{"rendered":"<p>*Este viernes inician con los cuartos de final a las 9:00 horas y hasta las 17:00 horas en ambas ramas femenil y varonil El Comit\u00e9 Organizador de la Final de la Copa Continental Norceca Colima 2021, ha confirmado que la programaci\u00f3n de juegos de este evento deportivo que otorga el \u00faltimo boleto a los Juegos&#8230;<\/p>\n","protected":false},"author":2,"featured_media":16887,"comment_status":"open","ping_status":"open","sticky":false,"template":"","format":"standard","meta":{"footnotes":""},"categories":[21],"tags":[29,30,28],"class_list":["post-16886","post","type-post","status-publish","format-standard","has-post-thumbnail","hentry","category-deportes","tag-grid","tag-news","tag-slider"],"_links":{"self":[{"href":"http:\/\/elobservatorio.com.mx\/index.php?rest_route=\/wp\/v2\/posts\/16886"}],"collection":[{"href":"http:\/\/elobservatorio.com.mx\/index.php?rest_route=\/wp\/v2\/posts"}],"about":[{"href":"http:\/\/elobservatorio.com.mx\/index.php?rest_route=\/wp\/v2\/types\/post"}],"author":[{"embeddable":true,"href":"http:\/\/elobservatorio.com.mx\/index.php?rest_route=\/wp\/v2\/users\/2"}],"replies":[{"embeddable":true,"href":"http:\/\/elobservatorio.com.mx\/index.php?rest_route=%2Fwp%2Fv2%2Fcomments&post=16886"}],"version-history":[{"count":0,"href":"http:\/\/elobservatorio.com.mx\/index.php?rest_route=\/wp\/v2\/posts\/16886\/revisions"}],"wp:featuredmedia":[{"embeddable":true,"href":"http:\/\/elobservatorio.com.mx\/index.php?rest_route=\/wp\/v2\/media\/16887"}],"wp:attachment":[{"href":"http:\/\/elobservatorio.com.mx\/index.php?rest_route=%2Fwp%2Fv2%2Fmedia&parent=16886"}],"wp:term":[{"taxonomy":"category","embeddable":true,"href":"http:\/\/elobservatorio.com.mx\/index.php?rest_route=%2Fwp%2Fv2%2Fcategories&post=16886"},{"taxonomy":"post_tag","embeddable":true,"href":"http:\/\/elobservatorio.com.mx\/index.php?rest_route=%2Fwp%2Fv2%2Ftags&post=16886"}],"curies":[{"name":"wp","href":"https:\/\/api.w.org\/{rel}","templated":true}]}}