{"id":16889,"date":"2021-06-25T14:57:08","date_gmt":"2021-06-25T19:57:08","guid":{"rendered":"http:\/\/elobservatorio.com.mx\/?p=16889"},"modified":"2021-06-25T14:57:08","modified_gmt":"2021-06-25T19:57:08","slug":"falso-coralillo-causa-alarma-en-vehiculo-particular-equipos-de-emergencia-lo-capturan","status":"publish","type":"post","link":"http:\/\/elobservatorio.com.mx\/?p=16889","title":{"rendered":"Falso coralillo causa alarma en veh\u00edculo particular, equipos de emergencia lo capturan"},"content":{"rendered":"<p>Elementos de la Unidad Municipal de Protecci\u00f3n Civil (UMPC) de Tecom\u00e1n, con el apoyo de Voluntarios del H. Cuerpo de Bomberos, atendieron esta ma\u00f1ana, el reporte de una culebra dentro de una camioneta, que se encontraba estacionada frente al Centro de Salud de la calle Morelos.<br \/>\nAl arribar los equipos de emergencia al lugar encontraron al reptil enredado en el motor del veh\u00edculo, el cual fue capturado para su posterior liberaci\u00f3n en su h\u00e1bitat natural.<br \/>\nAl parecer se trata de la especie denominada falso coralillo.<\/p>\n","protected":false},"excerpt":{"rendered":"<p>Elementos de la Unidad Municipal de Protecci\u00f3n Civil (UMPC) de Tecom\u00e1n, con el apoyo de Voluntarios del H. Cuerpo de Bomberos, atendieron esta ma\u00f1ana, el reporte de una culebra dentro de una camioneta, que se encontraba estacionada frente al Centro de Salud de la calle Morelos. Al arribar los equipos de emergencia al lugar encontraron&#8230;<\/p>\n","protected":false},"author":2,"featured_media":16890,"comment_status":"open","ping_status":"open","sticky":false,"template":"","format":"standard","meta":{"footnotes":""},"categories":[8,34],"tags":[29,30,28],"class_list":["post-16889","post","type-post","status-publish","format-standard","has-post-thumbnail","hentry","category-municipios","category-tecoman","tag-grid","tag-news","tag-slider"],"_links":{"self":[{"href":"http:\/\/elobservatorio.com.mx\/index.php?rest_route=\/wp\/v2\/posts\/16889"}],"collection":[{"href":"http:\/\/elobservatorio.com.mx\/index.php?rest_route=\/wp\/v2\/posts"}],"about":[{"href":"http:\/\/elobservatorio.com.mx\/index.php?rest_route=\/wp\/v2\/types\/post"}],"author":[{"embeddable":true,"href":"http:\/\/elobservatorio.com.mx\/index.php?rest_route=\/wp\/v2\/users\/2"}],"replies":[{"embeddable":true,"href":"http:\/\/elobservatorio.com.mx\/index.php?rest_route=%2Fwp%2Fv2%2Fcomments&post=16889"}],"version-history":[{"count":0,"href":"http:\/\/elobservatorio.com.mx\/index.php?rest_route=\/wp\/v2\/posts\/16889\/revisions"}],"wp:featuredmedia":[{"embeddable":true,"href":"http:\/\/elobservatorio.com.mx\/index.php?rest_route=\/wp\/v2\/media\/16890"}],"wp:attachment":[{"href":"http:\/\/elobservatorio.com.mx\/index.php?rest_route=%2Fwp%2Fv2%2Fmedia&parent=16889"}],"wp:term":[{"taxonomy":"category","embeddable":true,"href":"http:\/\/elobservatorio.com.mx\/index.php?rest_route=%2Fwp%2Fv2%2Fcategories&post=16889"},{"taxonomy":"post_tag","embeddable":true,"href":"http:\/\/elobservatorio.com.mx\/index.php?rest_route=%2Fwp%2Fv2%2Ftags&post=16889"}],"curies":[{"name":"wp","href":"https:\/\/api.w.org\/{rel}","templated":true}]}}