{"id":17042,"date":"2021-07-07T22:59:21","date_gmt":"2021-07-08T03:59:21","guid":{"rendered":"http:\/\/elobservatorio.com.mx\/?p=17042"},"modified":"2021-07-07T22:59:21","modified_gmt":"2021-07-08T03:59:21","slug":"participan-colimenses-en-deportes-de-boxeo-natacion-tenis-y-tenis-de-mesa","status":"publish","type":"post","link":"http:\/\/elobservatorio.com.mx\/?p=17042","title":{"rendered":"Participan colimenses en deportes de boxeo, nataci\u00f3n, tenis y tenis de mesa"},"content":{"rendered":"<p class=\"x_MsoNormal\"><span lang=\"ES\">La delegaci\u00f3n colimense tambi\u00e9n tuvo participaci\u00f3n en Nacionales Conade 2021 en los deportes de boxeo, nataci\u00f3n, tenis y tenis de mesa, as\u00ed lo inform\u00f3\u00a0\u00a0 la directora general del Instituto Colimense del Deporte (Incode), Ciria Salazar.<\/span><\/p>\n<p class=\"x_MsoNormal\"><span lang=\"ES\">\u00a0<\/span><span lang=\"ES\">La titular del deporte coment\u00f3 que en el caso del boxeo los colimenses culminaron su actividad en la ronda de cuartos de final en la sede de la Unidad Deportiva San Rafael,\u00a0 de la ciudad de Guadalajara, Jalisco.<\/span><\/p>\n<p class=\"x_MsoNormal\"><span lang=\"ES\">\u00a0<\/span><span lang=\"ES\">Dijo que Arturo Dur\u00e1n, de la categor\u00eda Junior y de la divisi\u00f3n de los 80 kilogramos, perdi\u00f3 con el sonorense Jorge Arturo Guti\u00e9rrez. Asimismo, Hugo S\u00e1nchez, de la categor\u00eda Juvenil y de la divisi\u00f3n de los 56 kilogramos, se midi\u00f3 al neoleon\u00e9s, Francisco Javier Vega, perdiendo ante el regiomontano por decisi\u00f3n dividida.<\/span><\/p>\n<p class=\"x_MsoNormal\"><span lang=\"ES\">\u00a0<\/span><span lang=\"ES\">Por su parte, Jorge Real, de la categor\u00eda Juvenil y la divisi\u00f3n de los 64 kilogramos, super\u00f3 en primera ronda a Jorge Montoya, de Ciudad de M\u00e9xico y en cuartos de final perdi\u00f3 por decisi\u00f3n de los jueces ante Guillermo Keb, de Yucat\u00e1n.<\/span><\/p>\n<p class=\"x_MsoNormal\"><span lang=\"ES\">\u00a0<\/span><span lang=\"ES\">En\u00a0 nataci\u00f3n, el colimense, Francisco Preciado, de la categor\u00eda 13-14 a\u00f1os, se posicion\u00f3 en el d\u00e9cimo cuarto lugar de los 50 metros libres y en lugar 27 de los 100 metros mariposa, en la alberca del Centro de Alto Rendimiento Ni\u00f1os H\u00e9roes, de Monterrey, Nuevo Le\u00f3n.<\/span><\/p>\n<p class=\"x_MsoNormal\"><span lang=\"ES\">\u00a0<\/span><span lang=\"ES\">En\u00a0 tenis se logr\u00f3 que cinco de sus seis participantes clasificaran a la segunda ronda, en la subsede de Acapulco, Guerrero.<\/span><\/p>\n<p class=\"x_MsoNormal\"><span lang=\"ES\">\u00a0<\/span><span lang=\"ES\">En el caso de Khaleb Emiliano Alcal\u00e1 \u00c1valos,\u00a0 de la categor\u00eda Sub14, gan\u00f3 la primera ronda contra Baja California (6-2, 4-6, 6-4), mientras que en la segunda ronda perdi\u00f3 ante el jugador sembrado n\u00famero 11 de Puebla (4-6, 3-6).<\/span><\/p>\n<p class=\"x_MsoNormal\"><span lang=\"ES\">\u00a0<\/span><span lang=\"ES\">Asimismo, Ilan Shagar Arias domin\u00f3 la primera ronda contra Chihuahua (6-4, 6-2), en la segunda ronda cedi\u00f3 ante el jugador sembrado n\u00famero 6 de San Luis Potos\u00ed (4-6, 2-6).<\/span><\/p>\n<p class=\"x_MsoNormal\"><span lang=\"ES\">\u00a0<\/span><span lang=\"ES\">En categor\u00eda Sub16, Gerardo Cervin Cort\u00e9s venci\u00f3 en la primera ronda a Chihuahua (6-1, 3-6, 6-2) y en segunda ronda fue derrotado por el jugador sembrado n\u00famero 3 de Sonora (1-6, 2-6).<\/span><\/p>\n<p class=\"x_MsoNormal\"><span lang=\"ES\">\u00a0<\/span><span lang=\"ES\">A su vez, Ricardo Hidalgo de Toro derrot\u00f3 en la primera ronda a Tlaxcala (6-2 6-1) y en la segunda ronda perdi\u00f3 contra jugador de Ciudad de M\u00e9xico, sembrado n\u00famero 15 (4-6, 4-6).<\/span><\/p>\n<p class=\"x_MsoNormal\"><span lang=\"ES\">Por su parte, Mar\u00eda Silva Balsa gan\u00f3 la primera ronda a Veracruz (6-2,4-6,6-2) y en la segunda ronda fue derrotada por la jugadora sembrada n\u00famero 6 del Estado de M\u00e9xico (6-2, 6-7, 8-10).<\/span><\/p>\n<p class=\"x_MsoNormal\"><span lang=\"ES\">\u00a0<\/span><span lang=\"ES\">Por \u00faltimo, Sof\u00eda Gabriela Villalobos Bautista, de la categor\u00eda Sub14, fue la \u00fanica deportista de la delegaci\u00f3n que perdi\u00f3 en la primera ronda contra Puebla (4-6, 2-6).<\/span><\/p>\n<p class=\"x_MsoNormal\"><span lang=\"ES\">\u00a0<\/span><span lang=\"ES\">La deportista colimense, Osmara Guerrero, de la categor\u00eda U15, se ubic\u00f3 en la posici\u00f3n 32 de la disciplina de tenis de mesa, mientras que Juan Antonio Galindo,\u00a0 U21, qued\u00f3 eliminado en la fase de grupos. Esta competencia tuvo como subsede la ciudad de Guadalajara, Jalisco.<\/span><\/p>\n<p class=\"x_MsoNormal\"><span lang=\"ES\">\u00a0<\/span><span lang=\"ES\">Cabe destacar que a\u00fan faltan deportistas colimenses por competir en deportes de basquetbol 3&#215;3, rugby 7 y frontenis, en Coahuila, as\u00ed como luchas asociadas y patines sobre ruedas, en Nuevo Le\u00f3n; adem\u00e1s de ciclismo, en Aguascalientes; voleibol de playa, en Colima y ajedrez, en la Ciudad de M\u00e9xico.<\/span><\/p>\n<p class=\"x_MsoNormal\"><span lang=\"ES\">\u00a0<\/span><\/p>\n<p class=\"x_MsoNormal\">\n","protected":false},"excerpt":{"rendered":"<p>La delegaci\u00f3n colimense tambi\u00e9n tuvo participaci\u00f3n en Nacionales Conade 2021 en los deportes de boxeo, nataci\u00f3n, tenis y tenis de mesa, as\u00ed lo inform\u00f3\u00a0\u00a0 la directora general del Instituto Colimense del Deporte (Incode), Ciria Salazar. \u00a0La titular del deporte coment\u00f3 que en el caso del boxeo los colimenses culminaron su actividad en la ronda de&#8230;<\/p>\n","protected":false},"author":2,"featured_media":17043,"comment_status":"open","ping_status":"open","sticky":false,"template":"","format":"standard","meta":{"footnotes":""},"categories":[21],"tags":[29,30,28],"class_list":["post-17042","post","type-post","status-publish","format-standard","has-post-thumbnail","hentry","category-deportes","tag-grid","tag-news","tag-slider"],"_links":{"self":[{"href":"http:\/\/elobservatorio.com.mx\/index.php?rest_route=\/wp\/v2\/posts\/17042"}],"collection":[{"href":"http:\/\/elobservatorio.com.mx\/index.php?rest_route=\/wp\/v2\/posts"}],"about":[{"href":"http:\/\/elobservatorio.com.mx\/index.php?rest_route=\/wp\/v2\/types\/post"}],"author":[{"embeddable":true,"href":"http:\/\/elobservatorio.com.mx\/index.php?rest_route=\/wp\/v2\/users\/2"}],"replies":[{"embeddable":true,"href":"http:\/\/elobservatorio.com.mx\/index.php?rest_route=%2Fwp%2Fv2%2Fcomments&post=17042"}],"version-history":[{"count":0,"href":"http:\/\/elobservatorio.com.mx\/index.php?rest_route=\/wp\/v2\/posts\/17042\/revisions"}],"wp:featuredmedia":[{"embeddable":true,"href":"http:\/\/elobservatorio.com.mx\/index.php?rest_route=\/wp\/v2\/media\/17043"}],"wp:attachment":[{"href":"http:\/\/elobservatorio.com.mx\/index.php?rest_route=%2Fwp%2Fv2%2Fmedia&parent=17042"}],"wp:term":[{"taxonomy":"category","embeddable":true,"href":"http:\/\/elobservatorio.com.mx\/index.php?rest_route=%2Fwp%2Fv2%2Fcategories&post=17042"},{"taxonomy":"post_tag","embeddable":true,"href":"http:\/\/elobservatorio.com.mx\/index.php?rest_route=%2Fwp%2Fv2%2Ftags&post=17042"}],"curies":[{"name":"wp","href":"https:\/\/api.w.org\/{rel}","templated":true}]}}