{"id":17085,"date":"2021-07-10T13:13:23","date_gmt":"2021-07-10T18:13:23","guid":{"rendered":"http:\/\/elobservatorio.com.mx\/?p=17085"},"modified":"2021-07-10T13:13:23","modified_gmt":"2021-07-10T18:13:23","slug":"se-registran-43-casos-nuevos-y-un-deceso-por-covid-19-en-el-estado","status":"publish","type":"post","link":"http:\/\/elobservatorio.com.mx\/?p=17085","title":{"rendered":"Se registran 43 casos\u00a0nuevos y un deceso por Covid-19 en el Estado"},"content":{"rendered":"<p class=\"x_MsoNormal\">Las instituciones del Sector Salud reportan que en la \u00faltima jornada se registraron 43 nuevos casos y una muerte por Covid-19, con lo que la entidad alcanza 11 mil 839 positivos y mil 324 decesos, acumulados por esta causa.<\/p>\n<p class=\"x_MsoNormal\">La Secretar\u00eda de Salud y Bienestar Social informa que la defunci\u00f3n ocurri\u00f3 en un hombre de origen for\u00e1neo, mayor de 65 a\u00f1os de edad, que estaba hospitalizado grave; era atendido en el municipio de Manzanillo.<\/p>\n<p class=\"x_MsoNormal\">Adem\u00e1s, se informa que 15 mujeres fueron diagnosticadas como positivas al virus de SARS-CoV-2, entre los 1 y 60 a\u00f1os de edad; 12 reciben atenci\u00f3n ambulatoria, dos est\u00e1n hospitalizadas graves y una no grave. Por residencia, siete son de Villa de \u00c1lvarez, cinco son de Manzanillo y tres de Colima.<\/p>\n<p class=\"x_MsoNormal\">Asimismo, los hombres diagnosticados positivos fueron 28, de menos de 1 y m\u00e1s de 65 a\u00f1os de edad; 23 reciben atenci\u00f3n ambulatoria, cuatro est\u00e1n hospitalizados graves y uno no grave. Por residencia, 13 son de Manzanillo, ocho de Villa de \u00c1lvarez, cinco de Colima, uno de Cuauht\u00e9moc y uno de Tecom\u00e1n.<\/p>\n<p class=\"x_MsoNormal\">En esta jornada se registr\u00f3 un caso for\u00e1neo en un hombre mayor de 65 a\u00f1os de edad, que est\u00e1 hospitalizado grave y ser\u00e1 registrado en su entidad de origen.<\/p>\n<p class=\"x_MsoNormal\">La Secretar\u00eda de Salud se\u00f1ala que ante el crecimiento de casos es necesario salir con cubrebocas, mantener distancia de dos metros entre personas, evitar aglomeraciones y preferir espacios ventilados.<\/p>\n<p class=\"x_gmail-MsoNoSpacing\"><span lang=\"ES\">\u00a0<\/span><\/p>\n","protected":false},"excerpt":{"rendered":"<p>Las instituciones del Sector Salud reportan que en la \u00faltima jornada se registraron 43 nuevos casos y una muerte por Covid-19, con lo que la entidad alcanza 11 mil 839 positivos y mil 324 decesos, acumulados por esta causa. La Secretar\u00eda de Salud y Bienestar Social informa que la defunci\u00f3n ocurri\u00f3 en un hombre de&#8230;<\/p>\n","protected":false},"author":2,"featured_media":17086,"comment_status":"open","ping_status":"open","sticky":false,"template":"","format":"standard","meta":{"footnotes":""},"categories":[9],"tags":[29,30,28],"class_list":["post-17085","post","type-post","status-publish","format-standard","has-post-thumbnail","hentry","category-agro-y-salud","tag-grid","tag-news","tag-slider"],"_links":{"self":[{"href":"http:\/\/elobservatorio.com.mx\/index.php?rest_route=\/wp\/v2\/posts\/17085"}],"collection":[{"href":"http:\/\/elobservatorio.com.mx\/index.php?rest_route=\/wp\/v2\/posts"}],"about":[{"href":"http:\/\/elobservatorio.com.mx\/index.php?rest_route=\/wp\/v2\/types\/post"}],"author":[{"embeddable":true,"href":"http:\/\/elobservatorio.com.mx\/index.php?rest_route=\/wp\/v2\/users\/2"}],"replies":[{"embeddable":true,"href":"http:\/\/elobservatorio.com.mx\/index.php?rest_route=%2Fwp%2Fv2%2Fcomments&post=17085"}],"version-history":[{"count":0,"href":"http:\/\/elobservatorio.com.mx\/index.php?rest_route=\/wp\/v2\/posts\/17085\/revisions"}],"wp:featuredmedia":[{"embeddable":true,"href":"http:\/\/elobservatorio.com.mx\/index.php?rest_route=\/wp\/v2\/media\/17086"}],"wp:attachment":[{"href":"http:\/\/elobservatorio.com.mx\/index.php?rest_route=%2Fwp%2Fv2%2Fmedia&parent=17085"}],"wp:term":[{"taxonomy":"category","embeddable":true,"href":"http:\/\/elobservatorio.com.mx\/index.php?rest_route=%2Fwp%2Fv2%2Fcategories&post=17085"},{"taxonomy":"post_tag","embeddable":true,"href":"http:\/\/elobservatorio.com.mx\/index.php?rest_route=%2Fwp%2Fv2%2Ftags&post=17085"}],"curies":[{"name":"wp","href":"https:\/\/api.w.org\/{rel}","templated":true}]}}