{"id":17088,"date":"2021-07-10T14:05:23","date_gmt":"2021-07-10T19:05:23","guid":{"rendered":"http:\/\/elobservatorio.com.mx\/?p=17088"},"modified":"2021-07-10T14:05:23","modified_gmt":"2021-07-10T19:05:23","slug":"colimense-obtuvo-sexto-lugar-en-ciclismo","status":"publish","type":"post","link":"http:\/\/elobservatorio.com.mx\/?p=17088","title":{"rendered":"Colimense obtuvo sexto lugar en ciclismo"},"content":{"rendered":"<p class=\"x_MsoNormal\"><em>*La ciclista, Vania C\u00e1rdenas recorri\u00f3 10km en 17 minutos con 27 segundos y 719 mil\u00e9simas de segundo<\/em><\/p>\n<p class=\"x_MsoNormal\">La ciclista colimense, Vania C\u00e1rdenas Maga\u00f1a, de la categor\u00eda Juvenil B en la prueba Contrarreloj individual femenil, obtuvo un sexto lugar en ciclismo en los Nacionales Conade, as\u00ed lo inform\u00f3, la directora general del Instituto Colimense del Deporte (Incode), Ciria Salazar.<\/p>\n<p class=\"x_MsoNormal\">Se\u00f1al\u00f3 que con este resultado la delegaci\u00f3n colimense conformada por 16 ciclistas inici\u00f3 su participaci\u00f3n en el circuito La Flores, en Aguascalientes, Aguascalientes.<\/p>\n<p class=\"x_MsoNormal\">C\u00e1rdenas Maga\u00f1a recorri\u00f3 10 kil\u00f3metros en 17 minutos con 27 segundos y 719 mil\u00e9simas de segundo, quedando a poco m\u00e1s de 15 segundos de las medallas; alcanzando la sexta plaza de su categor\u00eda.<\/p>\n<p class=\"x_MsoNormal\">Por su parte, Luis Parra Castro, de categor\u00eda Juvenil C de la rama varonil, se qued\u00f3 con el doceavo lugar, con un tiempo de 30 minutos con 40 segundo y 422 mil\u00e9simas de segundo, tras pedalear 20 kil\u00f3metros.<\/p>\n<p class=\"x_MsoNormal\">La actividad para Colima continuar\u00e1 este s\u00e1bado 10 y domingo 11 de julio con la prueba de ruta para las categor\u00edas Juvenil B, Juvenil C y Sub-23.<\/p>\n","protected":false},"excerpt":{"rendered":"<p>*La ciclista, Vania C\u00e1rdenas recorri\u00f3 10km en 17 minutos con 27 segundos y 719 mil\u00e9simas de segundo La ciclista colimense, Vania C\u00e1rdenas Maga\u00f1a, de la categor\u00eda Juvenil B en la prueba Contrarreloj individual femenil, obtuvo un sexto lugar en ciclismo en los Nacionales Conade, as\u00ed lo inform\u00f3, la directora general del Instituto Colimense del Deporte&#8230;<\/p>\n","protected":false},"author":2,"featured_media":17089,"comment_status":"open","ping_status":"open","sticky":false,"template":"","format":"standard","meta":{"footnotes":""},"categories":[21],"tags":[29,30,28],"class_list":["post-17088","post","type-post","status-publish","format-standard","has-post-thumbnail","hentry","category-deportes","tag-grid","tag-news","tag-slider"],"_links":{"self":[{"href":"http:\/\/elobservatorio.com.mx\/index.php?rest_route=\/wp\/v2\/posts\/17088"}],"collection":[{"href":"http:\/\/elobservatorio.com.mx\/index.php?rest_route=\/wp\/v2\/posts"}],"about":[{"href":"http:\/\/elobservatorio.com.mx\/index.php?rest_route=\/wp\/v2\/types\/post"}],"author":[{"embeddable":true,"href":"http:\/\/elobservatorio.com.mx\/index.php?rest_route=\/wp\/v2\/users\/2"}],"replies":[{"embeddable":true,"href":"http:\/\/elobservatorio.com.mx\/index.php?rest_route=%2Fwp%2Fv2%2Fcomments&post=17088"}],"version-history":[{"count":0,"href":"http:\/\/elobservatorio.com.mx\/index.php?rest_route=\/wp\/v2\/posts\/17088\/revisions"}],"wp:featuredmedia":[{"embeddable":true,"href":"http:\/\/elobservatorio.com.mx\/index.php?rest_route=\/wp\/v2\/media\/17089"}],"wp:attachment":[{"href":"http:\/\/elobservatorio.com.mx\/index.php?rest_route=%2Fwp%2Fv2%2Fmedia&parent=17088"}],"wp:term":[{"taxonomy":"category","embeddable":true,"href":"http:\/\/elobservatorio.com.mx\/index.php?rest_route=%2Fwp%2Fv2%2Fcategories&post=17088"},{"taxonomy":"post_tag","embeddable":true,"href":"http:\/\/elobservatorio.com.mx\/index.php?rest_route=%2Fwp%2Fv2%2Ftags&post=17088"}],"curies":[{"name":"wp","href":"https:\/\/api.w.org\/{rel}","templated":true}]}}