{"id":17197,"date":"2021-07-16T12:47:39","date_gmt":"2021-07-16T17:47:39","guid":{"rendered":"http:\/\/elobservatorio.com.mx\/?p=17197"},"modified":"2021-07-16T12:50:54","modified_gmt":"2021-07-16T17:50:54","slug":"directivos-de-linea-nuevo-horizonte-otorgaran-50-de-descuento-a-maestros","status":"publish","type":"post","link":"http:\/\/elobservatorio.com.mx\/?p=17197","title":{"rendered":"Firman convenio con l\u00ednea Nuevo Horizonte que otorgar\u00e1  50 % de descuento a maestros"},"content":{"rendered":"<p><em>*Firmaron un convenio de colaboraci\u00f3n con el l\u00edder sindical del SNTE 6, Jos\u00e9 Jaime Nu\u00f1ez Murguia, son trabajadores de la educaci\u00f3n pertenecientes a la federal.<\/em><\/p>\n<p>El Observatorio Noticias<\/p>\n<p>Colima Col.- El d\u00eda de ayer, directivos de la l\u00ednea Nuevo Horizonte, representado por Benjam\u00edn Jauregui,\u00a0 firmaron un convenio de colaboraci\u00f3n con la dirigencia del SNTE 6, perteneciente a los trabajadores de base federal, encabezada por el profesor Jos\u00e9 Jaime Nu\u00f1ez Murguia.<\/p>\n<p>Con dicho convenio se favorecer\u00e1 con un 50 % de descuento a todos los trabajadores de la educaci\u00f3n que viajen en todo el estado de Colima a trav\u00e9s de la l\u00ednea Nuevo Horizonte, adem\u00e1s habr\u00e1 salidas desde las mismas oficinas del sindicato con la finalidad de que los maestros no tengan que arriesgar su integridad fisica por el traslado a abordar el cami\u00f3n, ya que en su mayor\u00eda se traslada\u00a0 de madrugada o de noche.<\/p>\n<p>Todos los trabajadores de la educaci\u00f3n tienen acceso a este beneficio con solo mostrar su credencial de trabajador de la educaci\u00f3n al abordar al cami\u00f3n.<\/p>\n<p>El l\u00edder del sindicato, Jaime Nu\u00f1ez, agradeci\u00f3 el apoyo a la empresa ya que viene a beneficiar directamente a los trabajadores de la educaci\u00f3n, dicho convenio entr\u00f3 en vigor desde su firma, por lo que ya se empiezan a ver los beneficios con los maestros que ya est\u00e1n viajando a otros municipios a realizar labores de limpieza y capacitaci\u00f3n ante el posible regreso a clases presenciales<\/p>\n","protected":false},"excerpt":{"rendered":"<p>*Firmaron un convenio de colaboraci\u00f3n con el l\u00edder sindical del SNTE 6, Jos\u00e9 Jaime Nu\u00f1ez Murguia, son trabajadores de la educaci\u00f3n pertenecientes a la federal. El Observatorio Noticias Colima Col.- El d\u00eda de ayer, directivos de la l\u00ednea Nuevo Horizonte, representado por Benjam\u00edn Jauregui,\u00a0 firmaron un convenio de colaboraci\u00f3n con la dirigencia del SNTE 6,&#8230;<\/p>\n","protected":false},"author":2,"featured_media":17198,"comment_status":"open","ping_status":"open","sticky":false,"template":"","format":"standard","meta":{"footnotes":""},"categories":[12],"tags":[29,30,28],"class_list":["post-17197","post","type-post","status-publish","format-standard","has-post-thumbnail","hentry","category-sociedad","tag-grid","tag-news","tag-slider"],"_links":{"self":[{"href":"http:\/\/elobservatorio.com.mx\/index.php?rest_route=\/wp\/v2\/posts\/17197"}],"collection":[{"href":"http:\/\/elobservatorio.com.mx\/index.php?rest_route=\/wp\/v2\/posts"}],"about":[{"href":"http:\/\/elobservatorio.com.mx\/index.php?rest_route=\/wp\/v2\/types\/post"}],"author":[{"embeddable":true,"href":"http:\/\/elobservatorio.com.mx\/index.php?rest_route=\/wp\/v2\/users\/2"}],"replies":[{"embeddable":true,"href":"http:\/\/elobservatorio.com.mx\/index.php?rest_route=%2Fwp%2Fv2%2Fcomments&post=17197"}],"version-history":[{"count":0,"href":"http:\/\/elobservatorio.com.mx\/index.php?rest_route=\/wp\/v2\/posts\/17197\/revisions"}],"wp:featuredmedia":[{"embeddable":true,"href":"http:\/\/elobservatorio.com.mx\/index.php?rest_route=\/wp\/v2\/media\/17198"}],"wp:attachment":[{"href":"http:\/\/elobservatorio.com.mx\/index.php?rest_route=%2Fwp%2Fv2%2Fmedia&parent=17197"}],"wp:term":[{"taxonomy":"category","embeddable":true,"href":"http:\/\/elobservatorio.com.mx\/index.php?rest_route=%2Fwp%2Fv2%2Fcategories&post=17197"},{"taxonomy":"post_tag","embeddable":true,"href":"http:\/\/elobservatorio.com.mx\/index.php?rest_route=%2Fwp%2Fv2%2Ftags&post=17197"}],"curies":[{"name":"wp","href":"https:\/\/api.w.org\/{rel}","templated":true}]}}