{"id":1720,"date":"2019-01-21T23:15:43","date_gmt":"2019-01-21T23:15:43","guid":{"rendered":"http:\/\/elobservatorio.com.mx\/conmemora-el-congreso-el-dia-estatal-de-la-proteccion-civil"},"modified":"2019-01-21T23:15:43","modified_gmt":"2019-01-21T23:15:43","slug":"conmemora-el-congreso-el-dia-estatal-de-la-proteccion-civil","status":"publish","type":"post","link":"http:\/\/elobservatorio.com.mx\/?p=1720","title":{"rendered":"Conmemora el Congreso el D\u00eda Estatal de la Protecci\u00f3n Civil"},"content":{"rendered":"<p><em>*Con un simulacro de evacuaci\u00f3n, diputados recuerdan el gran sismo del 21 de enero de 2003.<\/em><\/p>\n<p>Al conmemorarse este lunes el Decimosexto Aniversario luctuoso del sismo que devast\u00f3 Colima el 21 de enero de 2003, el Congreso local conmemor\u00f3 el D\u00eda Estatal de la Protecci\u00f3n Civil, con el simulacro de evacuaci\u00f3n en el que participaron diputados, personal administrativo, representantes de medios de comunicaci\u00f3n y ciudadanos que se encontraban en el edificio del Poder Legislativo.<\/p>\n<p>A trav\u00e9s de las cuatro salidas de emergencia, docenas de personas respondieron el llamado que a las 10 en punto de la ma\u00f1ana se hizo a trav\u00e9s de las sirenas del inmueble y de una patrulla de la Polic\u00eda Estatal, para evacuar en orden el edificio del Poder Legislativo.<\/p>\n<p>El simulacro fue encabezado por Rogelio Rueda S\u00e1nchez, presidente de la Comisi\u00f3n de Protecci\u00f3n Civil del Congreso, quien estuvo acompa\u00f1ado por los Mal\u00fa Berver Corona, Rosalva Far\u00edas Larios y Guillermo Toscano Reyes y Vladimir Parra.<\/p>\n<p>Al concluir esta actividad, Rogelio Humberto Rueda indic\u00f3 que este ejercicio no s\u00f3lo conmemora los sucesos ocurridos hace 16 a\u00f1os, sino que los recordamos procurando tomar medidas que nos permitan que cuando la naturaleza nos ponga en la situaci\u00f3n de otro sismo, haya las menos p\u00e9rdidas posibles.<\/p>\n<p>Record\u00f3 que en todos los edificios p\u00fablicos se realiza este ejercicio y dijo que la Comisi\u00f3n de Protecci\u00f3n Civil es de dictamen y no operativa, raz\u00f3n por Ra\u00fal Trejo Montel\u00f3n, Jefe de Seguridad del Congreso, coordin\u00f3 el simulacro.<\/p>\n<p>Rueda S\u00e1nchez indic\u00f3 que esta actividad se hizo bien respetando el principio de no gritar, no correr y no empujar, \u201cpero se debe buscar apresurar el ejercicio para reducir el tiempo de evacuaci\u00f3n total (1:21 segundos) de los 74 trabajadores y quienes se encontraban dentro del edificio, pues sabemos que en Colima volver\u00e1 a temblar y a todos nos conviene estar preparados ante un nuevo sismo, previniendo la p\u00e9rdida de vidas humanas\u201d.<\/p>\n<p>Se\u00f1al\u00f3 que ha habido sismos m\u00e1s largos, pero ha habido otros con da\u00f1os serios que no necesitan llegar a un minuto.<\/p>\n<p>Agradeci\u00f3 a todos los presentes por haber atendido este ejercicio, pues \u201cse trata de que sirva para prevenir da\u00f1os y p\u00e9rdidas humanas, porque en Colima volver\u00e1 a haber sismos, que ojal\u00e1 tarden mucho tiempo en llegar, pero si ocurren pronto estemos debidamente preparados\u201d, asever\u00f3.<\/p>\n","protected":false},"excerpt":{"rendered":"<p>*Con un simulacro de evacuaci\u00f3n, diputados recuerdan el gran sismo del 21 de enero de 2003. Al conmemorarse este lunes el Decimosexto Aniversario luctuoso del sismo que devast\u00f3 Colima el 21 de enero de 2003, el Congreso local conmemor\u00f3 el D\u00eda Estatal de la Protecci\u00f3n Civil, con el simulacro de evacuaci\u00f3n en el que participaron&#8230;<\/p>\n","protected":false},"author":2,"featured_media":1721,"comment_status":"open","ping_status":"open","sticky":false,"template":"","format":"standard","meta":{"footnotes":""},"categories":[1],"tags":[29,30,28],"class_list":["post-1720","post","type-post","status-publish","format-standard","has-post-thumbnail","hentry","category-espacio-legislativo","tag-grid","tag-news","tag-slider"],"_links":{"self":[{"href":"http:\/\/elobservatorio.com.mx\/index.php?rest_route=\/wp\/v2\/posts\/1720"}],"collection":[{"href":"http:\/\/elobservatorio.com.mx\/index.php?rest_route=\/wp\/v2\/posts"}],"about":[{"href":"http:\/\/elobservatorio.com.mx\/index.php?rest_route=\/wp\/v2\/types\/post"}],"author":[{"embeddable":true,"href":"http:\/\/elobservatorio.com.mx\/index.php?rest_route=\/wp\/v2\/users\/2"}],"replies":[{"embeddable":true,"href":"http:\/\/elobservatorio.com.mx\/index.php?rest_route=%2Fwp%2Fv2%2Fcomments&post=1720"}],"version-history":[{"count":0,"href":"http:\/\/elobservatorio.com.mx\/index.php?rest_route=\/wp\/v2\/posts\/1720\/revisions"}],"wp:featuredmedia":[{"embeddable":true,"href":"http:\/\/elobservatorio.com.mx\/index.php?rest_route=\/wp\/v2\/media\/1721"}],"wp:attachment":[{"href":"http:\/\/elobservatorio.com.mx\/index.php?rest_route=%2Fwp%2Fv2%2Fmedia&parent=1720"}],"wp:term":[{"taxonomy":"category","embeddable":true,"href":"http:\/\/elobservatorio.com.mx\/index.php?rest_route=%2Fwp%2Fv2%2Fcategories&post=1720"},{"taxonomy":"post_tag","embeddable":true,"href":"http:\/\/elobservatorio.com.mx\/index.php?rest_route=%2Fwp%2Fv2%2Ftags&post=1720"}],"curies":[{"name":"wp","href":"https:\/\/api.w.org\/{rel}","templated":true}]}}