{"id":17272,"date":"2021-07-24T11:34:11","date_gmt":"2021-07-24T16:34:11","guid":{"rendered":"http:\/\/elobservatorio.com.mx\/?p=17272"},"modified":"2021-07-24T11:34:11","modified_gmt":"2021-07-24T16:34:11","slug":"reportan-202-casos-nuevos-y-una-defuncion-por-covid-19-en-colima","status":"publish","type":"post","link":"http:\/\/elobservatorio.com.mx\/?p=17272","title":{"rendered":"Reportan 202 casos nuevos y una defunci\u00f3n por Covid-19 en Colima"},"content":{"rendered":"<p class=\"x_gmail-MsoNoSpacing\">Al corte de la \u00faltima jornada se registraron en el Estado 202 nuevos casos y una defunci\u00f3n por Covid-19, seg\u00fan el informe de las instituciones del Sector Salud, en el que se\u00f1alan que con estos n\u00fameros Colima llega a 13 mil 150 positivos y mil 348 muertes a consecuencia de la enfermedad.<\/p>\n<p class=\"x_gmail-MsoNoSpacing\">A trav\u00e9s de la Secretar\u00eda de Salud se dio a conocer que el deceso ocurri\u00f3 en<\/p>\n<p class=\"x_gmail-MsoNoSpacing\">en un hombre menor de 65 a\u00f1os de edad, que estaba hospitalizado grave y era originario de Colima.<\/p>\n<p class=\"x_gmail-MsoNoSpacing\">El reporte indica que 106 mujeres con edades entre los 5 y m\u00e1s de 65 a\u00f1os, fueron diagnosticadas como positivas al virus SARS-CoV-2; 103 reciben atenci\u00f3n ambulatoria, 2 est\u00e1n hospitalizadas graves y una no grave. Por residencia 42 son de Manzanillo, 23 de Colima, 29 de Villa de \u00c1lvarez, 8 de Tecom\u00e1n, 2 de Coquimatl\u00e1n, una de Armer\u00eda y una de Cuauht\u00e9moc.<\/p>\n<p class=\"x_gmail-MsoNoSpacing\">En el caso de hombres se diagnostic\u00f3 positivos a 96, de m\u00e1s de 1 y m\u00e1s de 65 a\u00f1os de edad; 92 reciben atenci\u00f3n ambulatoria, 3 se encuentran hospitalizados graves y uno est\u00e1 intubado. Por residencia 37 son de Manzanillo, 23 de Colima, 21 de Villa de \u00c1lvarez, 9 de Tecom\u00e1n, 2 de Comala, 2 de Coquimatl\u00e1n, uno de Cuauht\u00e9moc y uno de Minatitl\u00e1n.<\/p>\n<p class=\"x_gmail-MsoNoSpacing\">En esta jornada se registraron 7 casos for\u00e1neos en 3 hombres y 4 mujeres entre los 20 y m\u00e1s de 65 a\u00f1os de edad; 2 reciben atenci\u00f3n ambulatoria, 2 est\u00e1n hospitalizados graves y 3 no graves; ser\u00e1n registrados en su entidad de origen.<\/p>\n<p class=\"x_MsoNormal\">La Secretar\u00eda de Salud se\u00f1ala que ante el alto crecimiento de casos es obligatorio salir con cubrebocas, mantener distancia de dos metros entre personas, evitar aglomeraciones y preferir espacios ventilados.<\/p>\n","protected":false},"excerpt":{"rendered":"<p>Al corte de la \u00faltima jornada se registraron en el Estado 202 nuevos casos y una defunci\u00f3n por Covid-19, seg\u00fan el informe de las instituciones del Sector Salud, en el que se\u00f1alan que con estos n\u00fameros Colima llega a 13 mil 150 positivos y mil 348 muertes a consecuencia de la enfermedad. A trav\u00e9s de&#8230;<\/p>\n","protected":false},"author":2,"featured_media":17273,"comment_status":"open","ping_status":"open","sticky":false,"template":"","format":"standard","meta":{"footnotes":""},"categories":[9],"tags":[29,30,28],"class_list":["post-17272","post","type-post","status-publish","format-standard","has-post-thumbnail","hentry","category-agro-y-salud","tag-grid","tag-news","tag-slider"],"_links":{"self":[{"href":"http:\/\/elobservatorio.com.mx\/index.php?rest_route=\/wp\/v2\/posts\/17272"}],"collection":[{"href":"http:\/\/elobservatorio.com.mx\/index.php?rest_route=\/wp\/v2\/posts"}],"about":[{"href":"http:\/\/elobservatorio.com.mx\/index.php?rest_route=\/wp\/v2\/types\/post"}],"author":[{"embeddable":true,"href":"http:\/\/elobservatorio.com.mx\/index.php?rest_route=\/wp\/v2\/users\/2"}],"replies":[{"embeddable":true,"href":"http:\/\/elobservatorio.com.mx\/index.php?rest_route=%2Fwp%2Fv2%2Fcomments&post=17272"}],"version-history":[{"count":0,"href":"http:\/\/elobservatorio.com.mx\/index.php?rest_route=\/wp\/v2\/posts\/17272\/revisions"}],"wp:featuredmedia":[{"embeddable":true,"href":"http:\/\/elobservatorio.com.mx\/index.php?rest_route=\/wp\/v2\/media\/17273"}],"wp:attachment":[{"href":"http:\/\/elobservatorio.com.mx\/index.php?rest_route=%2Fwp%2Fv2%2Fmedia&parent=17272"}],"wp:term":[{"taxonomy":"category","embeddable":true,"href":"http:\/\/elobservatorio.com.mx\/index.php?rest_route=%2Fwp%2Fv2%2Fcategories&post=17272"},{"taxonomy":"post_tag","embeddable":true,"href":"http:\/\/elobservatorio.com.mx\/index.php?rest_route=%2Fwp%2Fv2%2Ftags&post=17272"}],"curies":[{"name":"wp","href":"https:\/\/api.w.org\/{rel}","templated":true}]}}