{"id":17280,"date":"2021-07-24T14:20:09","date_gmt":"2021-07-24T19:20:09","guid":{"rendered":"http:\/\/elobservatorio.com.mx\/?p=17280"},"modified":"2021-07-24T14:20:09","modified_gmt":"2021-07-24T19:20:09","slug":"dia-internacional-del-hombre-fecha-olvidada-por-la-sociedad","status":"publish","type":"post","link":"http:\/\/elobservatorio.com.mx\/?p=17280","title":{"rendered":"D\u00eda Internacional del Hombre, fecha olvidada por la sociedad"},"content":{"rendered":"<div class=\"kvgmc6g5 cxmmr5t8 oygrvhab hcukyx3x c1et5uql ii04i59q\">\n<div dir=\"auto\">El d\u00eda internacional del hombre fue creado en 1999, en Manila Filipinas y reconocida por la UNESCO.<\/div>\n<\/div>\n<div class=\"o9v6fnle cxmmr5t8 oygrvhab hcukyx3x c1et5uql ii04i59q\">\n<div dir=\"auto\">Lo anterior lo inform\u00f3 el Lic. Gabriel Velasco Larios, presidente de dicho instituto en Tecom\u00e1n, agreg\u00f3 que con esta celebraci\u00f3n no se pretende la supremac\u00eda del hombre sobre la mujer, si no, dentro de la sociedad promover los valores de la igualdad.<\/div>\n<\/div>\n<div class=\"o9v6fnle cxmmr5t8 oygrvhab hcukyx3x c1et5uql ii04i59q\">\n<div dir=\"auto\"><\/div>\n<div dir=\"auto\">El D\u00eda Internacional del Hombre se festeja el 19 de noviembre y cada a\u00f1o se llevan a cabo ciclo de conferencias para promover los valores del hombre, como eje central de la familia y por su g\u00e9nero.<\/div>\n<\/div>\n<div class=\"o9v6fnle cxmmr5t8 oygrvhab hcukyx3x c1et5uql ii04i59q\">\n<div dir=\"auto\"><\/div>\n<div dir=\"auto\">A nivel estatal, dicha asociaci\u00f3n la preside el Lic. C\u00e9sar Antonio Romero Corona, adem\u00e1s durante el a\u00f1o se asesora, se apoya a los hombres que acudan a solicitar ayuda en alg\u00fan problema de violencia intrafamiliar, que parece ser no muy com\u00fan pero si se dan.<\/div>\n<\/div>\n<div class=\"o9v6fnle cxmmr5t8 oygrvhab hcukyx3x c1et5uql ii04i59q\">\n<div dir=\"auto\">\u00abSe dan casos ya que por prejuicios el hombre evade ese tipo de problem\u00e1tica y no busca ayuda hasta que su problema se agrava, cuando se pudo haber evitado\u00bb<\/div>\n<\/div>\n<div class=\"o9v6fnle cxmmr5t8 oygrvhab hcukyx3x c1et5uql ii04i59q\">\n<div dir=\"auto\"><\/div>\n<div dir=\"auto\">Velasco Larios, adelant\u00f3 que ya se trabaja en los preparativos para la conmemoraci\u00f3n de este a\u00f1o, en donde se pretende reconocer a hombres colimenses que han destacado en la sociedad.<\/div>\n<\/div>\n<div class=\"o9v6fnle cxmmr5t8 oygrvhab hcukyx3x c1et5uql ii04i59q\">\n<div dir=\"auto\"><\/div>\n<div dir=\"auto\">En ese tenor, exhort\u00f3 a la sociedad a que presenten sus propuestas de personas que merecen ser reconocidas, los cuales pueden hacerlos llegar a Matamoros # 296, en el centro de Tecom\u00e1n, o llamar al tel\u00e9fono 313 962 9709, concluy\u00f3<\/div>\n<\/div>\n","protected":false},"excerpt":{"rendered":"<p>El d\u00eda internacional del hombre fue creado en 1999, en Manila Filipinas y reconocida por la UNESCO. Lo anterior lo inform\u00f3 el Lic. Gabriel Velasco Larios, presidente de dicho instituto en Tecom\u00e1n, agreg\u00f3 que con esta celebraci\u00f3n no se pretende la supremac\u00eda del hombre sobre la mujer, si no, dentro de la sociedad promover los&#8230;<\/p>\n","protected":false},"author":2,"featured_media":17281,"comment_status":"open","ping_status":"open","sticky":false,"template":"","format":"standard","meta":{"footnotes":""},"categories":[8,12,34],"tags":[29,30,28],"class_list":["post-17280","post","type-post","status-publish","format-standard","has-post-thumbnail","hentry","category-municipios","category-sociedad","category-tecoman","tag-grid","tag-news","tag-slider"],"_links":{"self":[{"href":"http:\/\/elobservatorio.com.mx\/index.php?rest_route=\/wp\/v2\/posts\/17280"}],"collection":[{"href":"http:\/\/elobservatorio.com.mx\/index.php?rest_route=\/wp\/v2\/posts"}],"about":[{"href":"http:\/\/elobservatorio.com.mx\/index.php?rest_route=\/wp\/v2\/types\/post"}],"author":[{"embeddable":true,"href":"http:\/\/elobservatorio.com.mx\/index.php?rest_route=\/wp\/v2\/users\/2"}],"replies":[{"embeddable":true,"href":"http:\/\/elobservatorio.com.mx\/index.php?rest_route=%2Fwp%2Fv2%2Fcomments&post=17280"}],"version-history":[{"count":0,"href":"http:\/\/elobservatorio.com.mx\/index.php?rest_route=\/wp\/v2\/posts\/17280\/revisions"}],"wp:featuredmedia":[{"embeddable":true,"href":"http:\/\/elobservatorio.com.mx\/index.php?rest_route=\/wp\/v2\/media\/17281"}],"wp:attachment":[{"href":"http:\/\/elobservatorio.com.mx\/index.php?rest_route=%2Fwp%2Fv2%2Fmedia&parent=17280"}],"wp:term":[{"taxonomy":"category","embeddable":true,"href":"http:\/\/elobservatorio.com.mx\/index.php?rest_route=%2Fwp%2Fv2%2Fcategories&post=17280"},{"taxonomy":"post_tag","embeddable":true,"href":"http:\/\/elobservatorio.com.mx\/index.php?rest_route=%2Fwp%2Fv2%2Ftags&post=17280"}],"curies":[{"name":"wp","href":"https:\/\/api.w.org\/{rel}","templated":true}]}}