{"id":17364,"date":"2021-07-29T15:36:39","date_gmt":"2021-07-29T20:36:39","guid":{"rendered":"http:\/\/elobservatorio.com.mx\/?p=17364"},"modified":"2021-07-29T15:36:39","modified_gmt":"2021-07-29T20:36:39","slug":"federacion-mexicana-de-softbol-no-convocara-mas-a-quienes-tiraron-uniformes","status":"publish","type":"post","link":"http:\/\/elobservatorio.com.mx\/?p=17364","title":{"rendered":"Federaci\u00f3n Mexicana de Softbol no convocar\u00e1 m\u00e1s a quienes tiraron uniformes"},"content":{"rendered":"<p>Se dijo \u201cindignada\u201d del actuar de las deportistas<\/p>\n<p>La Federaci\u00f3n Mexicana de Softbol se dijo \u201cindignada\u201d por el actuar de las jugadoras de softbol que tiraron a la basura sus uniformes en Tokio y prometi\u00f3 no volver a convocar a las responsables para que no representen m\u00e1s al pa\u00eds.<\/p>\n<p>A trav\u00e9s de un comunicado, la Federaci\u00f3n hizo alusi\u00f3n a las fotograf\u00edas publicadas el jueves por la noche por parte de la \u00a0la p\u00fagil Brianda Tamara y Esmeralda Falc\u00f3n.<\/p>\n<p>El Comit\u00e9 Ol\u00edmpico Mexicano de Carlos Padilla dijo que \u201ccomo sacaron indebidamente las colchas y hasta las almohadas, pues seguramente ya no les cab\u00eda en sus maletas la ropa y entonces hicieron de lado la representatividad ofendiendo a todos los mexicanos\u201d, conden\u00f3.<\/p>\n<p>&nbsp;<\/p>\n<p>Ante ello, el FMS se\u00f1al\u00f3 que el hecho de que la selecci\u00f3n mexicana llevara cerca de tres meses en concentraci\u00f3n y giras de preparaci\u00f3n, as\u00ed como la cantidad de equipo que debe de cargar cada jugadora, \u201cno es motivo para haber tomado esa decisi\u00f3n\u201d.<\/p>\n<p>\u201cEstamos igualmente indignados con la (s) jugadora (s) y se realizar\u00e1 una investigaci\u00f3n a fondo para encontrar a la (s) responsables de estos actos aplicando las debidas sanciones y dejen de representar a esta federaci\u00f3n\u201d, se lee.<\/p>\n<blockquote class=\"twitter-tweet\" data-width=\"550\" data-dnt=\"true\">\n<p lang=\"es\" dir=\"ltr\">Quiz\u00e1 para algunos de los compa\u00f1eros deportistas signifique: &quot;nada&quot; estos uniformes para muchos otros representan nuestros a\u00f1os de trabajo, dedicaci\u00f3n, amor y pasi\u00f3n. Que pena que el equipo de softball mexicano no lo vea as\u00ed.\ud83d\ude2d\ud83d\ude14 <a href=\"https:\/\/twitter.com\/BriandaTamara?ref_src=twsrc%5Etfw\" target=\"_blank\" rel=\"noopener\">@BriandaTamara<\/a> <a href=\"https:\/\/twitter.com\/CONADE?ref_src=twsrc%5Etfw\" target=\"_blank\" rel=\"noopener\">@CONADE<\/a> <a href=\"https:\/\/twitter.com\/COM_Mexico?ref_src=twsrc%5Etfw\" target=\"_blank\" rel=\"noopener\">@COM_Mexico<\/a> <a href=\"https:\/\/twitter.com\/voyxmex?ref_src=twsrc%5Etfw\" target=\"_blank\" rel=\"noopener\">@voyxmex<\/a> <a href=\"https:\/\/t.co\/nKm905Jk8o\" target=\"_blank\">pic.twitter.com\/nKm905Jk8o<\/a><\/p>\n<p>&mdash; ESMERFALCONMX OLY (@esmerfalconmx) <a href=\"https:\/\/twitter.com\/esmerfalconmx\/status\/1420636289024487424?ref_src=twsrc%5Etfw\" target=\"_blank\" rel=\"noopener\">July 29, 2021<\/a><\/p><\/blockquote>\n<p><script async src=\"https:\/\/platform.twitter.com\/widgets.js\" charset=\"utf-8\"><\/script><\/p>\n<p>Finalmente extendieron una disculpa a todo M\u00e9xico por este hecho y se comprometi\u00f3 a llegar hasta sus \u00faltimas consecuencias.<\/p>\n<p>Antes de este posicionamiento, la Federaci\u00f3n hab\u00eda dicho que los hechos pudieron haberse suscitado debido al \u201csobrepeso\u201d del equipaje, pero luego del llamado de atenci\u00f3n del COM su postura fue m\u00e1s severa.<\/p>\n<p>Cabe apuntar que al momento ninguna de las jugadoras se ha pronunciado al respecto y tampoco se sabe a qui\u00e9nes corresponden las vestimentas halladas.<\/p>\n<blockquote class=\"twitter-tweet\" data-width=\"550\" data-dnt=\"true\">\n<p lang=\"es\" dir=\"ltr\">\ud83d\udea8<a href=\"https:\/\/twitter.com\/hashtag\/ALMOMENTO?src=hash&amp;ref_src=twsrc%5Etfw\" target=\"_blank\" rel=\"noopener\">#ALMOMENTO<\/a>\ud83d\udea8<\/p>\n<p>&quot;Estamos indignados; se realizar\u00e1 una investigaci\u00f3n a fondo para encontrar a las responsables&quot;.<\/p>\n<p>Aqu\u00ed el comunicado de <a href=\"https:\/\/twitter.com\/SoftbolMX?ref_src=twsrc%5Etfw\" target=\"_blank\" rel=\"noopener\">@SoftbolMX<\/a> sobre el tema de los uniformes\ud83d\udc47\ud83c\udffb<a href=\"https:\/\/twitter.com\/hashtag\/Team643?src=hash&amp;ref_src=twsrc%5Etfw\" target=\"_blank\" rel=\"noopener\">#Team643<\/a> <a href=\"https:\/\/t.co\/ds4mWyM30S\" target=\"_blank\">pic.twitter.com\/ds4mWyM30S<\/a><\/p>\n<p>&mdash; 6-4-3 (@643Network) <a href=\"https:\/\/twitter.com\/643Network\/status\/1420818673716146183?ref_src=twsrc%5Etfw\" target=\"_blank\" rel=\"noopener\">July 29, 2021<\/a><\/p><\/blockquote>\n<p><script async src=\"https:\/\/platform.twitter.com\/widgets.js\" charset=\"utf-8\"><\/script><\/p>\n<p>&nbsp;<\/p>\n<div class=\"pinno-author-info-wrap left relative\">\n<div class=\"pinno-author-info-thumb left relative\"><\/div>\n<div class=\"pinno-author-info-text left relative\"><\/div>\n<\/div>\n","protected":false},"excerpt":{"rendered":"<p>Se dijo \u201cindignada\u201d del actuar de las deportistas La Federaci\u00f3n Mexicana de Softbol se dijo \u201cindignada\u201d por el actuar de las jugadoras de softbol que tiraron a la basura sus uniformes en Tokio y prometi\u00f3 no volver a convocar a las responsables para que no representen m\u00e1s al pa\u00eds. A trav\u00e9s de un comunicado, la&#8230;<\/p>\n","protected":false},"author":2,"featured_media":17365,"comment_status":"open","ping_status":"open","sticky":false,"template":"","format":"standard","meta":{"footnotes":""},"categories":[21],"tags":[29,30,28],"class_list":["post-17364","post","type-post","status-publish","format-standard","has-post-thumbnail","hentry","category-deportes","tag-grid","tag-news","tag-slider"],"_links":{"self":[{"href":"http:\/\/elobservatorio.com.mx\/index.php?rest_route=\/wp\/v2\/posts\/17364"}],"collection":[{"href":"http:\/\/elobservatorio.com.mx\/index.php?rest_route=\/wp\/v2\/posts"}],"about":[{"href":"http:\/\/elobservatorio.com.mx\/index.php?rest_route=\/wp\/v2\/types\/post"}],"author":[{"embeddable":true,"href":"http:\/\/elobservatorio.com.mx\/index.php?rest_route=\/wp\/v2\/users\/2"}],"replies":[{"embeddable":true,"href":"http:\/\/elobservatorio.com.mx\/index.php?rest_route=%2Fwp%2Fv2%2Fcomments&post=17364"}],"version-history":[{"count":0,"href":"http:\/\/elobservatorio.com.mx\/index.php?rest_route=\/wp\/v2\/posts\/17364\/revisions"}],"wp:featuredmedia":[{"embeddable":true,"href":"http:\/\/elobservatorio.com.mx\/index.php?rest_route=\/wp\/v2\/media\/17365"}],"wp:attachment":[{"href":"http:\/\/elobservatorio.com.mx\/index.php?rest_route=%2Fwp%2Fv2%2Fmedia&parent=17364"}],"wp:term":[{"taxonomy":"category","embeddable":true,"href":"http:\/\/elobservatorio.com.mx\/index.php?rest_route=%2Fwp%2Fv2%2Fcategories&post=17364"},{"taxonomy":"post_tag","embeddable":true,"href":"http:\/\/elobservatorio.com.mx\/index.php?rest_route=%2Fwp%2Fv2%2Ftags&post=17364"}],"curies":[{"name":"wp","href":"https:\/\/api.w.org\/{rel}","templated":true}]}}