{"id":1738,"date":"2019-01-22T00:31:15","date_gmt":"2019-01-22T00:31:15","guid":{"rendered":"http:\/\/elobservatorio.com.mx\/en-simulacro-estatal-pc-desalojo-esta-manana-la-presidencia-municipal"},"modified":"2019-01-22T00:31:15","modified_gmt":"2019-01-22T00:31:15","slug":"en-simulacro-estatal-pc-desalojo-esta-manana-la-presidencia-municipal","status":"publish","type":"post","link":"http:\/\/elobservatorio.com.mx\/?p=1738","title":{"rendered":"En simulacro estatal PC desaloj\u00f3 esta ma\u00f1ana la presidencia municipal"},"content":{"rendered":"<p>Con la coordinaci\u00f3n de elementos de la Unidad Municipal de Protecci\u00f3n Civil y de la Direcci\u00f3n General de Seguridad P\u00fablica y Tr\u00e1nsito Vial se realiz\u00f3 la ma\u00f1ana de este lunes un simulacro de evacuaci\u00f3n en las instalaciones de la Presidencia Municipal, en conmemoraci\u00f3n al XVI Aniversario del sismo del pasado 21 de enero del 2003.<\/p>\n<p>Al respecto el Secretario del H. Ayuntamiento Humberto Uribe Godinez destac\u00f3 que estas acciones se realizaron de manera simult\u00e1nea en todo el estado de Colima y que la administraci\u00f3n que encabeza el Presidente Municipal El\u00edas Antonio Mart\u00ednez Delgadillo trabaja en fortalecer la cultura de la prevenci\u00f3n, sobre todo, en esta zona que es altamente s\u00edsmica, y propensa a sufrir los embates de ciclones y huracanes.<\/p>\n<p>Por su parte el Director de la Unidad Municipal de Protecci\u00f3n Civil Enrique Manuel Sep\u00falveda Rodr\u00edguez, destac\u00f3 que se logr\u00f3 desalojar totalmente el edificio presidencial en 5 min\u00fatos invitando a los presentes a agilizar sus salidas, tomando en cuenta que en esta ocasi\u00f3n es un simulacro pero que habr\u00e1 el momento en que se trate de eventos reales y los conmin\u00f3 a no salir corriendo, empujando y a no entrar en p\u00e1nico.<\/p>\n<p>Dijo que el simulacro de esta ma\u00f1ana y el de las 7:00 de la tarde es parte de un \u00abSimulacro Estatal\u00bb que se hace en instituciones p\u00fablicas y privadas, empresas y sociedad con la intenci\u00f3n de fomentar y fortalecer la cultura de la prevenci\u00f3n y de la autoprotecci\u00f3n.<\/p>\n<p>Cabe destacar que se accionaron las sirenas de las patrullas y veh\u00edculos de atenci\u00f3n a emergencias y repicaron las campanas de los templos.<\/p>\n","protected":false},"excerpt":{"rendered":"<p>Con la coordinaci\u00f3n de elementos de la Unidad Municipal de Protecci\u00f3n Civil y de la Direcci\u00f3n General de Seguridad P\u00fablica y Tr\u00e1nsito Vial se realiz\u00f3 la ma\u00f1ana de este lunes un simulacro de evacuaci\u00f3n en las instalaciones de la Presidencia Municipal, en conmemoraci\u00f3n al XVI Aniversario del sismo del pasado 21 de enero del 2003&#8230;.<\/p>\n","protected":false},"author":2,"featured_media":1739,"comment_status":"open","ping_status":"open","sticky":false,"template":"","format":"standard","meta":{"footnotes":""},"categories":[8,34],"tags":[29,30,28],"class_list":["post-1738","post","type-post","status-publish","format-standard","has-post-thumbnail","hentry","category-municipios","category-tecoman","tag-grid","tag-news","tag-slider"],"_links":{"self":[{"href":"http:\/\/elobservatorio.com.mx\/index.php?rest_route=\/wp\/v2\/posts\/1738"}],"collection":[{"href":"http:\/\/elobservatorio.com.mx\/index.php?rest_route=\/wp\/v2\/posts"}],"about":[{"href":"http:\/\/elobservatorio.com.mx\/index.php?rest_route=\/wp\/v2\/types\/post"}],"author":[{"embeddable":true,"href":"http:\/\/elobservatorio.com.mx\/index.php?rest_route=\/wp\/v2\/users\/2"}],"replies":[{"embeddable":true,"href":"http:\/\/elobservatorio.com.mx\/index.php?rest_route=%2Fwp%2Fv2%2Fcomments&post=1738"}],"version-history":[{"count":0,"href":"http:\/\/elobservatorio.com.mx\/index.php?rest_route=\/wp\/v2\/posts\/1738\/revisions"}],"wp:featuredmedia":[{"embeddable":true,"href":"http:\/\/elobservatorio.com.mx\/index.php?rest_route=\/wp\/v2\/media\/1739"}],"wp:attachment":[{"href":"http:\/\/elobservatorio.com.mx\/index.php?rest_route=%2Fwp%2Fv2%2Fmedia&parent=1738"}],"wp:term":[{"taxonomy":"category","embeddable":true,"href":"http:\/\/elobservatorio.com.mx\/index.php?rest_route=%2Fwp%2Fv2%2Fcategories&post=1738"},{"taxonomy":"post_tag","embeddable":true,"href":"http:\/\/elobservatorio.com.mx\/index.php?rest_route=%2Fwp%2Fv2%2Ftags&post=1738"}],"curies":[{"name":"wp","href":"https:\/\/api.w.org\/{rel}","templated":true}]}}