{"id":17409,"date":"2021-08-03T15:09:28","date_gmt":"2021-08-03T20:09:28","guid":{"rendered":"http:\/\/elobservatorio.com.mx\/?p=17409"},"modified":"2021-08-03T15:09:28","modified_gmt":"2021-08-03T20:09:28","slug":"suspenden-servicio-en-algunos-kioscos-y-cambian-horarios-en-otros","status":"publish","type":"post","link":"http:\/\/elobservatorio.com.mx\/?p=17409","title":{"rendered":"Suspenden servicio en algunos Kioscos y cambian horarios en otros"},"content":{"rendered":"<p><i>*Para fortalecer las medidas de prevenci\u00f3n con motivo de la pandemia.<\/i><\/p>\n<p class=\"x_gmail-MsoNoSpacing\">\n<p class=\"x_gmail-MsoNoSpacing\">La Secretar\u00eda de Planeaci\u00f3n y Finanzas (Seplafin) anuncia la suspensi\u00f3n del servicio en Kioscos de Gobierno de la comunidad de El Chavar\u00edn en Manzanillo y del Complejo Administrativo en Colima, como parte de la estrategia para fortalecer las medidas de prevenci\u00f3n por la pandemia de Covid-19.<\/p>\n<p class=\"x_gmail-MsoNoSpacing\">Aunado a esto, la dependencia dio a conocer que se modificaron los horarios de atenci\u00f3n en otros Kioscos como el de Soriana Manzanillo y Walmart Tecnol\u00f3gico, que brindar\u00e1n servicio \u00fanicamente de lunes a viernes de 9:00 a 15:00 horas.<\/p>\n<p class=\"x_gmail-MsoNoSpacing\">Como parte de esta estrategia para fortalecer la prevenci\u00f3n durante esta contingencia sanitaria, el Kiosco de Gobierno que se encuentra en el centro de la Ciudad de Manzanillo, estar\u00e1 en servicio s\u00f3lo de lunes a viernes de 9:00 a 18:00 horas.<\/p>\n<p class=\"x_gmail-MsoNoSpacing\">La dependencia expuso que los kioscos restantes ubicados en los municipios de Cuauht\u00e9moc, Comala, Ixtlahuac\u00e1n, Armer\u00eda, Coquimatl\u00e1n, Minatitl\u00e1n y Tecom\u00e1n, mantienen sus servicios normales, por lo que el contribuyente puede acudir siempre y cuando porte el cubrebocas, requisito indispensable para el ingreso.<\/p>\n","protected":false},"excerpt":{"rendered":"<p>*Para fortalecer las medidas de prevenci\u00f3n con motivo de la pandemia. La Secretar\u00eda de Planeaci\u00f3n y Finanzas (Seplafin) anuncia la suspensi\u00f3n del servicio en Kioscos de Gobierno de la comunidad de El Chavar\u00edn en Manzanillo y del Complejo Administrativo en Colima, como parte de la estrategia para fortalecer las medidas de prevenci\u00f3n por la pandemia&#8230;<\/p>\n","protected":false},"author":2,"featured_media":17410,"comment_status":"open","ping_status":"open","sticky":false,"template":"","format":"standard","meta":{"footnotes":""},"categories":[16],"tags":[29,30,28],"class_list":["post-17409","post","type-post","status-publish","format-standard","has-post-thumbnail","hentry","category-gobierno","tag-grid","tag-news","tag-slider"],"_links":{"self":[{"href":"http:\/\/elobservatorio.com.mx\/index.php?rest_route=\/wp\/v2\/posts\/17409"}],"collection":[{"href":"http:\/\/elobservatorio.com.mx\/index.php?rest_route=\/wp\/v2\/posts"}],"about":[{"href":"http:\/\/elobservatorio.com.mx\/index.php?rest_route=\/wp\/v2\/types\/post"}],"author":[{"embeddable":true,"href":"http:\/\/elobservatorio.com.mx\/index.php?rest_route=\/wp\/v2\/users\/2"}],"replies":[{"embeddable":true,"href":"http:\/\/elobservatorio.com.mx\/index.php?rest_route=%2Fwp%2Fv2%2Fcomments&post=17409"}],"version-history":[{"count":0,"href":"http:\/\/elobservatorio.com.mx\/index.php?rest_route=\/wp\/v2\/posts\/17409\/revisions"}],"wp:featuredmedia":[{"embeddable":true,"href":"http:\/\/elobservatorio.com.mx\/index.php?rest_route=\/wp\/v2\/media\/17410"}],"wp:attachment":[{"href":"http:\/\/elobservatorio.com.mx\/index.php?rest_route=%2Fwp%2Fv2%2Fmedia&parent=17409"}],"wp:term":[{"taxonomy":"category","embeddable":true,"href":"http:\/\/elobservatorio.com.mx\/index.php?rest_route=%2Fwp%2Fv2%2Fcategories&post=17409"},{"taxonomy":"post_tag","embeddable":true,"href":"http:\/\/elobservatorio.com.mx\/index.php?rest_route=%2Fwp%2Fv2%2Ftags&post=17409"}],"curies":[{"name":"wp","href":"https:\/\/api.w.org\/{rel}","templated":true}]}}