{"id":17438,"date":"2021-08-04T16:02:10","date_gmt":"2021-08-04T21:02:10","guid":{"rendered":"http:\/\/elobservatorio.com.mx\/?p=17438"},"modified":"2021-08-04T16:07:29","modified_gmt":"2021-08-04T21:07:29","slug":"se-acaba-el-suspenso-manana-resuelven-impugnacion-contras-elias-lozano","status":"publish","type":"post","link":"http:\/\/elobservatorio.com.mx\/?p=17438","title":{"rendered":"! Se acaba el suspenso\u00a1: ma\u00f1ana resuelven impugnaci\u00f3n contras El\u00edas Lozano"},"content":{"rendered":"<p><em>*El\u00edas Lozano enfrenta a\u00fan dos denuncias, una del PAN y otra de la coalici\u00f3n &#8216;Va Por Tecom\u00e1n&#8217;<\/em><\/p>\n<p><em>*Tambi\u00e9n se resolver\u00e1n 5 impugnaciones m\u00e1s, informa el TEE<\/em><\/p>\n<p>Colima Col.- El Tribunal Electoral del Estado de Colima sesionar\u00e1 este jueves 5, a partir de las 10 de la ma\u00f1ana, con la finalidad de resolver algunas de las \u00faltimas impugnaciones que se presentaron durante el proceso electoral 2020-2021.<\/p>\n<p>En este sentido, y de conformidad con el aviso de sesi\u00f3n, el pleno del Tribunal Electoral del Estado resolver\u00e1 7 juicios interpuestos por partidos y actores pol\u00edticos en contra de los resultados electorales y declaraci\u00f3n de validez de la elecci\u00f3n.<\/p>\n<p>En este sentido, se analizar\u00e1 la impugnaci\u00f3n existentes en la elecci\u00f3n del Ayuntamiento de Tecom\u00e1n, en el proceso electoral local 2020-2021, y la entrega de la constancia de mayor\u00eda a favor del candidato de Morena El\u00edas Lozano Ochoa, por la \u201cprobable comisi\u00f3n de hechos que, presuntamente constituyen una violaci\u00f3n al principio de equidad en la contienda electoral\u201d.-<\/p>\n<p>Asimismo, se discutir\u00e1 la presunta \u201cilegibilidad\u201d Martha Fernanda Salazar Mart\u00ednez y Cindy Jannette Fuentes C\u00f3rdova, como diputadas locales propietaria y suplente respectivamente, electas por el distrito electoral 01 del estado de Colima.<\/p>\n<p>Tambi\u00e9n se analizar\u00e1 la presunta \u201cilegibilidad\u201d de Francisco Rodr\u00edguez Garc\u00eda y Priscila Garc\u00eda Delgado, como diputado local propietario y diputada local suplente respectivamente electos, por el Distrito 02 Local.<\/p>\n<p>Tambi\u00e9n se resolver\u00e1 la admisi\u00f3n o desechamiento del Juicio de Inconformidad por la asignaci\u00f3n de la diputaci\u00f3n local por el principio de representaci\u00f3n proporcional a los partidos pol\u00edticos del Trabajo, Encuentro Solidario, Fuerza por M\u00e9xico y Nueva Alianza Colima y la entrega de las constancias de asignaci\u00f3n.<\/p>\n<p>Ingresa al orden del d\u00eda en el siguiente link<\/p>\n<p>http:\/\/tee.org.mx\/data\/20210804104013.pdf<\/p>\n","protected":false},"excerpt":{"rendered":"<p>*El\u00edas Lozano enfrenta a\u00fan dos denuncias, una del PAN y otra de la coalici\u00f3n &#8216;Va Por Tecom\u00e1n&#8217; *Tambi\u00e9n se resolver\u00e1n 5 impugnaciones m\u00e1s, informa el TEE Colima Col.- El Tribunal Electoral del Estado de Colima sesionar\u00e1 este jueves 5, a partir de las 10 de la ma\u00f1ana, con la finalidad de resolver algunas de las&#8230;<\/p>\n","protected":false},"author":2,"featured_media":17439,"comment_status":"open","ping_status":"open","sticky":false,"template":"","format":"standard","meta":{"footnotes":""},"categories":[52,10],"tags":[29,30,28],"class_list":["post-17438","post","type-post","status-publish","format-standard","has-post-thumbnail","hentry","category-elecciones-2021","category-politica","tag-grid","tag-news","tag-slider"],"_links":{"self":[{"href":"http:\/\/elobservatorio.com.mx\/index.php?rest_route=\/wp\/v2\/posts\/17438"}],"collection":[{"href":"http:\/\/elobservatorio.com.mx\/index.php?rest_route=\/wp\/v2\/posts"}],"about":[{"href":"http:\/\/elobservatorio.com.mx\/index.php?rest_route=\/wp\/v2\/types\/post"}],"author":[{"embeddable":true,"href":"http:\/\/elobservatorio.com.mx\/index.php?rest_route=\/wp\/v2\/users\/2"}],"replies":[{"embeddable":true,"href":"http:\/\/elobservatorio.com.mx\/index.php?rest_route=%2Fwp%2Fv2%2Fcomments&post=17438"}],"version-history":[{"count":0,"href":"http:\/\/elobservatorio.com.mx\/index.php?rest_route=\/wp\/v2\/posts\/17438\/revisions"}],"wp:featuredmedia":[{"embeddable":true,"href":"http:\/\/elobservatorio.com.mx\/index.php?rest_route=\/wp\/v2\/media\/17439"}],"wp:attachment":[{"href":"http:\/\/elobservatorio.com.mx\/index.php?rest_route=%2Fwp%2Fv2%2Fmedia&parent=17438"}],"wp:term":[{"taxonomy":"category","embeddable":true,"href":"http:\/\/elobservatorio.com.mx\/index.php?rest_route=%2Fwp%2Fv2%2Fcategories&post=17438"},{"taxonomy":"post_tag","embeddable":true,"href":"http:\/\/elobservatorio.com.mx\/index.php?rest_route=%2Fwp%2Fv2%2Ftags&post=17438"}],"curies":[{"name":"wp","href":"https:\/\/api.w.org\/{rel}","templated":true}]}}