{"id":17446,"date":"2021-08-04T21:22:15","date_gmt":"2021-08-05T02:22:15","guid":{"rendered":"http:\/\/elobservatorio.com.mx\/?p=17446"},"modified":"2021-08-04T21:22:15","modified_gmt":"2021-08-05T02:22:15","slug":"en-armeria-aplican-medidas-y-disposiciones-para-reducir-contagios-del-covid-19","status":"publish","type":"post","link":"http:\/\/elobservatorio.com.mx\/?p=17446","title":{"rendered":"En Armer\u00eda aplican medidas y disposiciones para reducir contagios del Covid-19"},"content":{"rendered":"<p>El director de la Unidad Municipal de Protecci\u00f3n Civil (UMPC), Antonio Barocio Galv\u00e1n dio a conocer que debido al cambio de sem\u00e1foro estatal epidemiol\u00f3gico a color naranja, se llevan a cabo diversas disposiciones en el municipio con el fin de reducir los contagios que se registran en la entidad actualmente.<\/p>\n<p>En este sentido, el funcionario municipal dijo que en coordinaci\u00f3n con la secretar\u00eda de salud del gobierno del estado a trav\u00e9s de la comisi\u00f3n estatal para la protecci\u00f3n contra riesgos sanitarios (COESPRIS) invitan a los armeritenses para que cumplan con las medidas sanitarias que se est\u00e1n aplicando.<\/p>\n<p>Barocio Galv\u00e1n agreg\u00f3 que las disposiciones durante el sem\u00e1foro naranja proh\u00edben las actividades relativas a bares, salones de fiestas, eventos masivos, incluidas peleas de gallos, jaripeos, fiestas patronales, ligas deportivas entre otras actividades.<\/p>\n<p>\u201cAs\u00ed mismo todos los negocios considerados como no esenciales podr\u00e1n operar temporalmente de lunes a domingo de 7 de la ma\u00f1ana hasta las 10 de la noche, con un aforo m\u00e1ximo de solo el 30 por ciento\u201d.<\/p>\n<p>El director de la UMPC explic\u00f3 adem\u00e1s que los establecimientos con venta de productos b\u00e1sicos para la alimentaci\u00f3n, higiene y limpieza su horario ser\u00e1 de las 7 de la ma\u00f1ana y hasta las 12 de la noche, considerando con un m\u00e1ximo de personas del 30 por ciento.<\/p>\n<p>\u201cLos establecimientos podr\u00e1n operar con el cumplimento estricto de sus protocolos de seguridad sanitaria, por lo que estamos exhortando al poblaci\u00f3n en general para que cumpla con estas medidas y entre todos podamos reducir estos contagios que cada vez son m\u00e1s frecuentes\u201d.<\/p>\n","protected":false},"excerpt":{"rendered":"<p>El director de la Unidad Municipal de Protecci\u00f3n Civil (UMPC), Antonio Barocio Galv\u00e1n dio a conocer que debido al cambio de sem\u00e1foro estatal epidemiol\u00f3gico a color naranja, se llevan a cabo diversas disposiciones en el municipio con el fin de reducir los contagios que se registran en la entidad actualmente. En este sentido, el funcionario&#8230;<\/p>\n","protected":false},"author":2,"featured_media":17447,"comment_status":"open","ping_status":"open","sticky":false,"template":"","format":"standard","meta":{"footnotes":""},"categories":[33,8],"tags":[29,30,28],"class_list":["post-17446","post","type-post","status-publish","format-standard","has-post-thumbnail","hentry","category-armeria","category-municipios","tag-grid","tag-news","tag-slider"],"_links":{"self":[{"href":"http:\/\/elobservatorio.com.mx\/index.php?rest_route=\/wp\/v2\/posts\/17446"}],"collection":[{"href":"http:\/\/elobservatorio.com.mx\/index.php?rest_route=\/wp\/v2\/posts"}],"about":[{"href":"http:\/\/elobservatorio.com.mx\/index.php?rest_route=\/wp\/v2\/types\/post"}],"author":[{"embeddable":true,"href":"http:\/\/elobservatorio.com.mx\/index.php?rest_route=\/wp\/v2\/users\/2"}],"replies":[{"embeddable":true,"href":"http:\/\/elobservatorio.com.mx\/index.php?rest_route=%2Fwp%2Fv2%2Fcomments&post=17446"}],"version-history":[{"count":0,"href":"http:\/\/elobservatorio.com.mx\/index.php?rest_route=\/wp\/v2\/posts\/17446\/revisions"}],"wp:featuredmedia":[{"embeddable":true,"href":"http:\/\/elobservatorio.com.mx\/index.php?rest_route=\/wp\/v2\/media\/17447"}],"wp:attachment":[{"href":"http:\/\/elobservatorio.com.mx\/index.php?rest_route=%2Fwp%2Fv2%2Fmedia&parent=17446"}],"wp:term":[{"taxonomy":"category","embeddable":true,"href":"http:\/\/elobservatorio.com.mx\/index.php?rest_route=%2Fwp%2Fv2%2Fcategories&post=17446"},{"taxonomy":"post_tag","embeddable":true,"href":"http:\/\/elobservatorio.com.mx\/index.php?rest_route=%2Fwp%2Fv2%2Ftags&post=17446"}],"curies":[{"name":"wp","href":"https:\/\/api.w.org\/{rel}","templated":true}]}}