{"id":17477,"date":"2021-08-05T14:42:40","date_gmt":"2021-08-05T19:42:40","guid":{"rendered":"http:\/\/elobservatorio.com.mx\/?p=17477"},"modified":"2021-08-05T14:42:40","modified_gmt":"2021-08-05T19:42:40","slug":"tee-anula-eleccion-del-municipio-de-tecoman","status":"publish","type":"post","link":"http:\/\/elobservatorio.com.mx\/?p=17477","title":{"rendered":"TEE anula elecci\u00f3n del municipio de Tecom\u00e1n"},"content":{"rendered":"<p><em>*El alcalde-candidato hizo uso de recursos p\u00fablicos, determina el Tribunal Electoral del Estado de Colima. *Se aplica lo se\u00f1alado por el Art\u00edculo 70 de la Ley del Sistema de Medios de Impugnaci\u00f3n en Materia Electoral.<\/em><\/p>\n<p><strong>Alfredo Quiles<\/strong><\/p>\n<p>Colima, Col.-\u00a0\u00a0\u00a0El Tribunal Electoral del Estado de Colima aprob\u00f3 por unanimidad \u201cAnular la elecci\u00f3n municipal de Tecom\u00e1n\u201d, debido a que se comprob\u00f3 que el alcalde-candidato de Morena a la reelecci\u00f3n, El\u00edas Lozano Ochoa, viol\u00f3 la normatividad electoral e hizo uso de \u201crecursos p\u00fablicos\u201d a favor propio y de su partido pol\u00edtico (Morena), lo cual considerado por los magistrados \u201ccomo falta grave, sistematizada y reincidente\u201d.<\/p>\n<p>La presidenta del Tribunal Electoral del Estado de Colima, Ana Carmen Gonz\u00e1lez Pimentel, se\u00f1al\u00f3 que se acreditaron las violaciones \u201csistem\u00e1ticas\u201d a las leyes electorales y por el caudal pruebas presentadas, adem\u00e1s de que el alcalde-candidato El\u00edas Lozano Ochoa \u201cno solicito licencia\u201d a la presidencia municipal de Tecom\u00e1n, violando con ello la equidad en la contienda electoral, adem\u00e1s de que utiliz\u00f3 il\u00edcitamente recursos p\u00fablicos de la administraci\u00f3n municipal.<\/p>\n<p>Gonz\u00e1lez Pimentel en su sentencia, la cual fue aprobada por unanimidad, dijo que una de las causales para \u201canular la elecci\u00f3n de Tecom\u00e1n\u201d fue por el \u201cuso indebido de recursos econ\u00f3micos p\u00fablicos\u201d\u00a0\u00a0en la campa\u00f1a de El\u00edas Lozano Ochoa.<\/p>\n<p>El Art\u00edculo 70 de Ley del Sistema de Medios de Impugnaci\u00f3n en Materia Electoral establece que son causas de nulidad de una elecci\u00f3n:\u00a0\u00a0\u201cVII.- Cuando se reciban o utilicen recursos de procedencia il\u00edcita o recursos p\u00fablicos en las campa\u00f1as\u201d.<\/p>\n<p>Ante ello, y por el cumulo de pruebas, el Pleno del Tribunal Electoral del Estado acord\u00f3 \u201cdeclarar la nulidad de la elecci\u00f3n del Ayuntamiento de Tecom\u00e1n y se revoca la constancia de mayor\u00eda entregada a la planilla encabezada por El\u00edas Lozano Ochoa, triunfador del pasado proceso electoral\u201d.<\/p>\n<p>En virtud de la declaraci\u00f3n de nulidad de la Elecci\u00f3n de Tecom\u00e1n, el Tribunal Electoral del Estado de Colima acord\u00f3 notificar al Congreso del Estado \u201cla nulidad de la elecci\u00f3n y proceda a convocar a una nueva elecci\u00f3n en el municipio de Tecom\u00e1n\u201d.<\/p>\n<p>Se aclar\u00f3 que en esta nueva elecci\u00f3n \u201cno podr\u00e1 participar como candidato el alcalde El\u00edas Lozano Ochoa\u201d, pues entre otras cosas se dijo que \u201csu conducta fue dolosa al violar leyes y no compiti\u00f3 en igualdad de condiciones con los dem\u00e1s contendientes en esta elecci\u00f3n. Se materializo el dolo directo\u201d.<\/p>\n<p>En un plazo de 24 horas se tendr\u00e1 que notificar al Congreso para que proceda conforme a Derecho.<\/p>\n","protected":false},"excerpt":{"rendered":"<p>*El alcalde-candidato hizo uso de recursos p\u00fablicos, determina el Tribunal Electoral del Estado de Colima. *Se aplica lo se\u00f1alado por el Art\u00edculo 70 de la Ley del Sistema de Medios de Impugnaci\u00f3n en Materia Electoral. Alfredo Quiles Colima, Col.-\u00a0\u00a0\u00a0El Tribunal Electoral del Estado de Colima aprob\u00f3 por unanimidad \u201cAnular la elecci\u00f3n municipal de Tecom\u00e1n\u201d, debido&#8230;<\/p>\n","protected":false},"author":2,"featured_media":17478,"comment_status":"open","ping_status":"open","sticky":false,"template":"","format":"standard","meta":{"footnotes":""},"categories":[52,10],"tags":[29,30,28],"class_list":["post-17477","post","type-post","status-publish","format-standard","has-post-thumbnail","hentry","category-elecciones-2021","category-politica","tag-grid","tag-news","tag-slider"],"_links":{"self":[{"href":"http:\/\/elobservatorio.com.mx\/index.php?rest_route=\/wp\/v2\/posts\/17477"}],"collection":[{"href":"http:\/\/elobservatorio.com.mx\/index.php?rest_route=\/wp\/v2\/posts"}],"about":[{"href":"http:\/\/elobservatorio.com.mx\/index.php?rest_route=\/wp\/v2\/types\/post"}],"author":[{"embeddable":true,"href":"http:\/\/elobservatorio.com.mx\/index.php?rest_route=\/wp\/v2\/users\/2"}],"replies":[{"embeddable":true,"href":"http:\/\/elobservatorio.com.mx\/index.php?rest_route=%2Fwp%2Fv2%2Fcomments&post=17477"}],"version-history":[{"count":0,"href":"http:\/\/elobservatorio.com.mx\/index.php?rest_route=\/wp\/v2\/posts\/17477\/revisions"}],"wp:featuredmedia":[{"embeddable":true,"href":"http:\/\/elobservatorio.com.mx\/index.php?rest_route=\/wp\/v2\/media\/17478"}],"wp:attachment":[{"href":"http:\/\/elobservatorio.com.mx\/index.php?rest_route=%2Fwp%2Fv2%2Fmedia&parent=17477"}],"wp:term":[{"taxonomy":"category","embeddable":true,"href":"http:\/\/elobservatorio.com.mx\/index.php?rest_route=%2Fwp%2Fv2%2Fcategories&post=17477"},{"taxonomy":"post_tag","embeddable":true,"href":"http:\/\/elobservatorio.com.mx\/index.php?rest_route=%2Fwp%2Fv2%2Ftags&post=17477"}],"curies":[{"name":"wp","href":"https:\/\/api.w.org\/{rel}","templated":true}]}}