{"id":17501,"date":"2021-08-06T13:55:21","date_gmt":"2021-08-06T18:55:21","guid":{"rendered":"http:\/\/elobservatorio.com.mx\/?p=17501"},"modified":"2021-08-06T13:55:21","modified_gmt":"2021-08-06T18:55:21","slug":"congreso-del-estado-convocara-a-elecciones-extraordinarias-en-tecoman","status":"publish","type":"post","link":"http:\/\/elobservatorio.com.mx\/?p=17501","title":{"rendered":"Congreso del Estado convocar\u00e1 a elecciones extraordinarias en Tecom\u00e1n"},"content":{"rendered":"<p><em>*Recibe el Poder Legislativo la sentencia del TEE sobre la elecci\u00f3n de Tecom\u00e1n. *El lunes habr\u00e1 sesi\u00f3n y se emitir\u00e1 la Convocatoria para la elecci\u00f3n extraordinaria.<\/em><\/p>\n<p>Alfredo Quiles<\/p>\n<p>Colima, Col.-\u00a0\u00a0\u00a0La tarde de viernes, el Congreso del Estado recibi\u00f3 la notificaci\u00f3n oficial del Tribunal Electoral del Estado de Colima sobre la sentencia por la cual se anul\u00f3 la elecci\u00f3n del municipio de Tecom\u00e1n y en la que se instruye al Poder Legislativo emitir la convocatoria para la celebraci\u00f3n de \u201cElecciones Extraordinarias\u201d en dicha municipalidad.<\/p>\n<p>Para ello, la mesa directiva del Congreso del Estado orden\u00f3 que la documentaci\u00f3n y sentencia respectiva sea remitida a las Comisiones respectivas del Poder Legislativo y se prepare la Convocatoria para la celebraci\u00f3n de una elecci\u00f3n extraordinaria en el municipio de Tecom\u00e1n.<\/p>\n<p>Es de se\u00f1alar que el pasado jueves, el pleno del Tribunal Electoral del Estado aprob\u00f3 anular la elecci\u00f3n del municipio de Tecom\u00e1n debido a que se comprob\u00f3 que el alcalde-candidato de Morena a la reelecci\u00f3n, El\u00edas Lozano Ochoa, viol\u00f3 la normatividad electoral e hizo uso de \u201crecursos p\u00fablicos\u201d a favor propio y de su partido pol\u00edtico (Morena), lo cual considerado por los magistrados \u201ccomo falta grave, sistematizada y reincidente\u201d.<\/p>\n<p>En este sentido, y luego de registrarse en la S\u00edntesis de Comunicaciones, el Congreso del Estado, se aprob\u00f3 \u201creiniciar esta sesi\u00f3n el pr\u00f3ximo lunes a las 10 de la ma\u00f1ana para emitir la Convocatoria de elecci\u00f3n extraordinaria en el municipio de Tecom\u00e1n\u201d.<\/p>\n<p>En tanto, la presidenta de la Comisi\u00f3n de Gobierno Interno y Acuerdos Parlamentarios del Congreso del Estado, Rosalva Far\u00edas Larios, inform\u00f3 que una vez recibida la sentencia del Tribunal Electoral del Estado se proceder\u00e1 dentro de las pr\u00f3ximas 48 horas a emitir la Convocatoria de Elecci\u00f3n Extraordinaria, ello independientemente de si Morena y su candidato El\u00edas Lozano Ochoa recurren e impugnan ante la Sala Regional del Tribunal Electoral del Poder Judicial de la Federaci\u00f3n\u00a0\u00a0la sentencia del Tribunal Electoral Local.<\/p>\n<p>Expreso que se tiene que cumplir con la instrucci\u00f3n del Tribunal Electoral, pero adelant\u00f3 que ante la anulaci\u00f3n de la elecci\u00f3n se tiene que iniciar el procedimiento para \u201cnombrar un Consejo Municipal de Gobierno en Tecom\u00e1n\u201d, ello que asuma el d\u00eda 15 de octubre las funciones del Gobierno Municipal.<\/p>\n<p>Dijo que se tiene que realizar los preparativos de la nueva elecci\u00f3n en ese municipio y se considera que en el mes de Diciembre este tomando posesi\u00f3n el nuevo cabildo.<\/p>\n","protected":false},"excerpt":{"rendered":"<p>*Recibe el Poder Legislativo la sentencia del TEE sobre la elecci\u00f3n de Tecom\u00e1n. *El lunes habr\u00e1 sesi\u00f3n y se emitir\u00e1 la Convocatoria para la elecci\u00f3n extraordinaria. Alfredo Quiles Colima, Col.-\u00a0\u00a0\u00a0La tarde de viernes, el Congreso del Estado recibi\u00f3 la notificaci\u00f3n oficial del Tribunal Electoral del Estado de Colima sobre la sentencia por la cual se&#8230;<\/p>\n","protected":false},"author":2,"featured_media":17502,"comment_status":"open","ping_status":"open","sticky":false,"template":"","format":"standard","meta":{"footnotes":""},"categories":[1,8,10,34],"tags":[29,30,28],"class_list":["post-17501","post","type-post","status-publish","format-standard","has-post-thumbnail","hentry","category-espacio-legislativo","category-municipios","category-politica","category-tecoman","tag-grid","tag-news","tag-slider"],"_links":{"self":[{"href":"http:\/\/elobservatorio.com.mx\/index.php?rest_route=\/wp\/v2\/posts\/17501"}],"collection":[{"href":"http:\/\/elobservatorio.com.mx\/index.php?rest_route=\/wp\/v2\/posts"}],"about":[{"href":"http:\/\/elobservatorio.com.mx\/index.php?rest_route=\/wp\/v2\/types\/post"}],"author":[{"embeddable":true,"href":"http:\/\/elobservatorio.com.mx\/index.php?rest_route=\/wp\/v2\/users\/2"}],"replies":[{"embeddable":true,"href":"http:\/\/elobservatorio.com.mx\/index.php?rest_route=%2Fwp%2Fv2%2Fcomments&post=17501"}],"version-history":[{"count":0,"href":"http:\/\/elobservatorio.com.mx\/index.php?rest_route=\/wp\/v2\/posts\/17501\/revisions"}],"wp:featuredmedia":[{"embeddable":true,"href":"http:\/\/elobservatorio.com.mx\/index.php?rest_route=\/wp\/v2\/media\/17502"}],"wp:attachment":[{"href":"http:\/\/elobservatorio.com.mx\/index.php?rest_route=%2Fwp%2Fv2%2Fmedia&parent=17501"}],"wp:term":[{"taxonomy":"category","embeddable":true,"href":"http:\/\/elobservatorio.com.mx\/index.php?rest_route=%2Fwp%2Fv2%2Fcategories&post=17501"},{"taxonomy":"post_tag","embeddable":true,"href":"http:\/\/elobservatorio.com.mx\/index.php?rest_route=%2Fwp%2Fv2%2Ftags&post=17501"}],"curies":[{"name":"wp","href":"https:\/\/api.w.org\/{rel}","templated":true}]}}