{"id":17567,"date":"2021-08-10T21:33:58","date_gmt":"2021-08-11T02:33:58","guid":{"rendered":"http:\/\/elobservatorio.com.mx\/?p=17567"},"modified":"2021-08-10T21:33:58","modified_gmt":"2021-08-11T02:33:58","slug":"en-armeria-va-a-prision-por-violencia-intrafamiliar","status":"publish","type":"post","link":"http:\/\/elobservatorio.com.mx\/?p=17567","title":{"rendered":"En Armer\u00eda, va a prisi\u00f3n por violencia intrafamiliar"},"content":{"rendered":"<p>La Fiscal\u00eda General del Estado (FGE), a trav\u00e9s de su Fiscal\u00eda Especializada en Delitos por Razones de G\u00e9nero y Trata de Personas, remiti\u00f3 a un hombre ante la instancia judicial por su participaci\u00f3n en el delito de violencia intrafamiliar en agravio de una mujer, en hechos ocurridos en el municipio de Armer\u00eda.<\/p>\n<p>De acuerdo a los acontecimientos, el agresor se encontraba con su pareja en un domicilio de la comunidad Periquillos de dicha municipalidad, lugar donde amenaz\u00f3 con un arma blanca a su v\u00edctima, adem\u00e1s de agredirla de forma f\u00edsica.<\/p>\n<p>Tras las investigaciones y diligencias realizadas por la Fiscal\u00eda Especializada, el imputado fue llevado ante el Juez quien le vincul\u00f3 a proceso por dicho delito, imponi\u00e9ndole la prisi\u00f3n preventiva justificada como medida cautelar y un plazo de dos meses para el cierre de la investigaci\u00f3n complementaria.<\/p>\n<p>De esta manera, la Fiscal\u00eda de Colima contin\u00faa trabajando en procurar justicia a las v\u00edctimas del delito, as\u00ed como en la investigaci\u00f3n de los il\u00edcitos que se cometen en la entidad y que afectan a la poblaci\u00f3n y a las familias, a fin de acreditar la responsabilidad en los hechos, privilegiando ante todo la reparaci\u00f3n del da\u00f1o.<\/p>\n<p>Es por ello que se sigue exhortando a la poblaci\u00f3n a que reporten de manera an\u00f3nima los actos delictivos como este, a la l\u00ednea 089 \u00f3 911 ante las emergencias; de la misma forma, se pone a disposici\u00f3n los siguientes n\u00fameros 312 161 28 01 y 312 161 44 47 para denunciar o atenci\u00f3n directa en el Centro de Justicia para las Mujeres.<\/p>\n","protected":false},"excerpt":{"rendered":"<p>La Fiscal\u00eda General del Estado (FGE), a trav\u00e9s de su Fiscal\u00eda Especializada en Delitos por Razones de G\u00e9nero y Trata de Personas, remiti\u00f3 a un hombre ante la instancia judicial por su participaci\u00f3n en el delito de violencia intrafamiliar en agravio de una mujer, en hechos ocurridos en el municipio de Armer\u00eda. De acuerdo a&#8230;<\/p>\n","protected":false},"author":2,"featured_media":17568,"comment_status":"open","ping_status":"open","sticky":false,"template":"","format":"standard","meta":{"footnotes":""},"categories":[15],"tags":[29,30,28],"class_list":["post-17567","post","type-post","status-publish","format-standard","has-post-thumbnail","hentry","category-seguridad-y-justicia","tag-grid","tag-news","tag-slider"],"_links":{"self":[{"href":"http:\/\/elobservatorio.com.mx\/index.php?rest_route=\/wp\/v2\/posts\/17567"}],"collection":[{"href":"http:\/\/elobservatorio.com.mx\/index.php?rest_route=\/wp\/v2\/posts"}],"about":[{"href":"http:\/\/elobservatorio.com.mx\/index.php?rest_route=\/wp\/v2\/types\/post"}],"author":[{"embeddable":true,"href":"http:\/\/elobservatorio.com.mx\/index.php?rest_route=\/wp\/v2\/users\/2"}],"replies":[{"embeddable":true,"href":"http:\/\/elobservatorio.com.mx\/index.php?rest_route=%2Fwp%2Fv2%2Fcomments&post=17567"}],"version-history":[{"count":0,"href":"http:\/\/elobservatorio.com.mx\/index.php?rest_route=\/wp\/v2\/posts\/17567\/revisions"}],"wp:featuredmedia":[{"embeddable":true,"href":"http:\/\/elobservatorio.com.mx\/index.php?rest_route=\/wp\/v2\/media\/17568"}],"wp:attachment":[{"href":"http:\/\/elobservatorio.com.mx\/index.php?rest_route=%2Fwp%2Fv2%2Fmedia&parent=17567"}],"wp:term":[{"taxonomy":"category","embeddable":true,"href":"http:\/\/elobservatorio.com.mx\/index.php?rest_route=%2Fwp%2Fv2%2Fcategories&post=17567"},{"taxonomy":"post_tag","embeddable":true,"href":"http:\/\/elobservatorio.com.mx\/index.php?rest_route=%2Fwp%2Fv2%2Ftags&post=17567"}],"curies":[{"name":"wp","href":"https:\/\/api.w.org\/{rel}","templated":true}]}}