{"id":1761,"date":"2019-01-22T18:55:02","date_gmt":"2019-01-22T18:55:02","guid":{"rendered":"http:\/\/elobservatorio.com.mx\/proponen-alumno-como-ejecutar-musica-renacentista-en-guitarra-clasica"},"modified":"2019-01-22T18:55:02","modified_gmt":"2019-01-22T18:55:02","slug":"proponen-alumno-como-ejecutar-musica-renacentista-en-guitarra-clasica","status":"publish","type":"post","link":"http:\/\/elobservatorio.com.mx\/?p=1761","title":{"rendered":"Proponen alumno c\u00f3mo ejecutar m\u00fasica renacentista en guitarra cl\u00e1sica"},"content":{"rendered":"<p><em>*El egresado Emmanuel Villalobos public\u00f3 su art\u00edculo en la revista \u201cArts Educa\u201d, de Espa\u00f1a.<\/em><\/p>\n<p>Emmanuel Villalobos Cort\u00e9s, egresado de la Licenciatura en M\u00fasica con especialidad en Guitarra Cl\u00e1sica de la Universidad de Colima, gener\u00f3 conocimiento sobre un instrumento antiguo de cuerda conocido como la vihuela, utilizado durante el llamado Renacimiento espa\u00f1ol.<\/p>\n<p>A trav\u00e9s de un art\u00edculo de investigaci\u00f3n que public\u00f3 en la revista indexada \u201cArts Educa\u201d, de edici\u00f3n espa\u00f1ola, ofrece elementos aplicables que sirvan como referencia para lograr una interpretaci\u00f3n lo m\u00e1s fielmente posible a las obras de compositores espa\u00f1oles de dicha \u00e9poca, pero usando la guitarra cl\u00e1sica.<\/p>\n<p>Su art\u00edculo: \u201cInterpretaci\u00f3n musical del Renacimiento espa\u00f1ol: de la vihuela a la guitarra\u201d, ubicado en la p\u00e1gina 40 de la revista y en el apartado de Educaci\u00f3n y Pedagog\u00eda, \u201cfue un trabajo intenso\u201d, dijo, que se logr\u00f3 con esfuerzo bajo la asesor\u00eda de sus profesores Patricia Ayala Garc\u00eda, Mayra Pati\u00f1o Orozco y Winfried Kellner.<\/p>\n<p>La poca informaci\u00f3n, al menos en espa\u00f1ol, que habla sobre la vihuela durante el Renacimiento espa\u00f1ol despert\u00f3 su inter\u00e9s en este g\u00e9nero, y busca una interpretaci\u00f3n de calidad para transportar al ejecutante y al p\u00fablico al mundo de los siglos XV y XVI.<\/p>\n<p>Por gusto, Emmanuel Villalobos es practicante de la m\u00fasica renacentista y ha ejecutado hasta 10 piezas de origen espa\u00f1ol. Su objetivo a corto plazo es tocar esta m\u00fasica y dar clases para difundirla. Tambi\u00e9n est\u00e1 interesado en continuar sus estudios en el extranjero.<\/p>\n<p>Su art\u00edculo, asesorado por Patricia Ayala con el apoyo de la Facultad de Letras y Comunicaci\u00f3n (Falcom) de la UdeC, es de lectura f\u00e1cil de comprender y tiene la finalidad de conjugar la teor\u00eda y la pr\u00e1ctica. Es una investigaci\u00f3n documental que incluy\u00f3 la pr\u00e1ctica continua de los m\u00e9todos descritos y comentados por su autor.<\/p>\n<p>En el contexto de su art\u00edculo, el joven egresado responde a la pregunta: \u201c\u00bfPor qu\u00e9 preocuparse por la interpretaci\u00f3n?\u201d Seg\u00fan su reflexi\u00f3n, \u00e9sta sirve para analizar y asimilar con mayor claridad el contexto hist\u00f3rico, la simbolog\u00eda, el estilo y otras caracter\u00edsticas de cualquier obra de este tipo.<\/p>\n<p>Adem\u00e1s, facilita la obtenci\u00f3n de, por lo menos, dos de los resultados deseados por el guitarrista: una interpretaci\u00f3n de calidad y el poder transportar al ejecutante y al p\u00fablico al mundo musical de los siglos XV y XVI.<\/p>\n<p>La investigaci\u00f3n de Villalobos Cort\u00e9s se puede leer de manera libre en el siguiente enlace: <a href=\"https:\/\/bit.ly\/2QUXEB1\" target=\"_blank\" rel=\"noopener\">https:\/\/bit.ly\/2QUXEB1<\/a>.<\/p>\n<p>&nbsp;<\/p>\n","protected":false},"excerpt":{"rendered":"<p>*El egresado Emmanuel Villalobos public\u00f3 su art\u00edculo en la revista \u201cArts Educa\u201d, de Espa\u00f1a. Emmanuel Villalobos Cort\u00e9s, egresado de la Licenciatura en M\u00fasica con especialidad en Guitarra Cl\u00e1sica de la Universidad de Colima, gener\u00f3 conocimiento sobre un instrumento antiguo de cuerda conocido como la vihuela, utilizado durante el llamado Renacimiento espa\u00f1ol. A trav\u00e9s de un&#8230;<\/p>\n","protected":false},"author":2,"featured_media":1762,"comment_status":"open","ping_status":"open","sticky":false,"template":"","format":"standard","meta":{"footnotes":""},"categories":[14],"tags":[29,30,28],"class_list":["post-1761","post","type-post","status-publish","format-standard","has-post-thumbnail","hentry","category-educacion-y-cultura","tag-grid","tag-news","tag-slider"],"_links":{"self":[{"href":"http:\/\/elobservatorio.com.mx\/index.php?rest_route=\/wp\/v2\/posts\/1761"}],"collection":[{"href":"http:\/\/elobservatorio.com.mx\/index.php?rest_route=\/wp\/v2\/posts"}],"about":[{"href":"http:\/\/elobservatorio.com.mx\/index.php?rest_route=\/wp\/v2\/types\/post"}],"author":[{"embeddable":true,"href":"http:\/\/elobservatorio.com.mx\/index.php?rest_route=\/wp\/v2\/users\/2"}],"replies":[{"embeddable":true,"href":"http:\/\/elobservatorio.com.mx\/index.php?rest_route=%2Fwp%2Fv2%2Fcomments&post=1761"}],"version-history":[{"count":0,"href":"http:\/\/elobservatorio.com.mx\/index.php?rest_route=\/wp\/v2\/posts\/1761\/revisions"}],"wp:featuredmedia":[{"embeddable":true,"href":"http:\/\/elobservatorio.com.mx\/index.php?rest_route=\/wp\/v2\/media\/1762"}],"wp:attachment":[{"href":"http:\/\/elobservatorio.com.mx\/index.php?rest_route=%2Fwp%2Fv2%2Fmedia&parent=1761"}],"wp:term":[{"taxonomy":"category","embeddable":true,"href":"http:\/\/elobservatorio.com.mx\/index.php?rest_route=%2Fwp%2Fv2%2Fcategories&post=1761"},{"taxonomy":"post_tag","embeddable":true,"href":"http:\/\/elobservatorio.com.mx\/index.php?rest_route=%2Fwp%2Fv2%2Ftags&post=1761"}],"curies":[{"name":"wp","href":"https:\/\/api.w.org\/{rel}","templated":true}]}}