{"id":17622,"date":"2021-08-11T20:24:22","date_gmt":"2021-08-12T01:24:22","guid":{"rendered":"http:\/\/elobservatorio.com.mx\/?p=17622"},"modified":"2021-08-11T20:24:22","modified_gmt":"2021-08-12T01:24:22","slug":"tormenta-tropical-linda-se-ubica-frente-a-las-costas-de-colima","status":"publish","type":"post","link":"http:\/\/elobservatorio.com.mx\/?p=17622","title":{"rendered":"Tormenta tropical \u00abLinda\u00bb se ubica frente a las costas de Colima"},"content":{"rendered":"<p><em>*El SMN prev\u00e9 que el meteoro genere fuertes lluvias en Nayarit, Jalisco, Colima, Michoac\u00e1n y Guerrero<\/em><\/p>\n<p>La tormenta tropical \u00abLinda\u00bb se localiz\u00f3 al sur-suroeste de las costas del estado de Colima, y su paso continuar\u00e1 provocando fuertes lluvias en estados del oeste y sur del pa\u00eds, inform\u00f3 este mi\u00e9rcoles el Servicio Meteorol\u00f3gico Nacional (SMN).<\/p>\n<p>En un reporte, el SMN indic\u00f3 que la circulaci\u00f3n del meteoro \u00abocasionar\u00e1 lluvias fuertes a puntuales muy fuertes, vientos fuertes y oleaje elevado sobre los estados de Nayarit, Jalisco, Colima, Michoac\u00e1n y Guerrero, as\u00ed como chubascos en Oaxaca\u00bb.<\/p>\n<div id=\"div-pos-2\">\u00abLinda\u00bb se form\u00f3 el martes a partir de la depresi\u00f3n tropical Doce-E.<\/div>\n<div>\n<p>En su comunicado de las 16:15 horas, el SMN registr\u00f3 que el centro de la tormenta se localiz\u00f3 a 635 kil\u00f3metros (km) al sur-suroeste de Manzanillo, Colima.<\/p>\n<p>Adem\u00e1s, el cicl\u00f3n trae vientos m\u00e1ximos sostenidos de 110 kil\u00f3metros por hora (km\/h), rachas de 140 km\/h y su desplazamiento es hacia el oeste a 15 km\/h, indic\u00f3 el informe.<\/p>\n<p>El organismo se\u00f1al\u00f3 que ante el paso del cicl\u00f3n \u00abse pronostican rachas de viento de 50 a 60 km\/h y oleaje de uno a dos metros de altura significante en las costas de Colima, Michoac\u00e1n y Guerrero\u00bb.<\/p>\n<p>Seg\u00fan los pron\u00f3sticos, se prev\u00e9 que en las primeras horas del jueves \u00abLinda\u00bb se convierta en hurac\u00e1n categor\u00eda 1, cuando se estima que se localice a 640 kil\u00f3metros al suroeste de Punta San Telmo, Michoac\u00e1n.<\/p>\n<p>Por otra parte, el organismo inform\u00f3 que la tormenta tropical \u00abKevin\u00bb contin\u00faa debilit\u00e1ndose y se localiza 840 kil\u00f3metros al oeste-suroeste de Cabo San Lucas, Baja California Sur, en el noroeste del pa\u00eds.<\/p>\n<p>\u00abSu circulaci\u00f3n ocasionar\u00e1 rachas de viento de 40 km\/h y oleaje de uno a dos metros de altura significante en la costa occidental de Baja California Sur\u00bb, indic\u00f3 el SMN.<\/p>\n<p>Adem\u00e1s, pronostic\u00f3 que al mediod\u00eda del jueves se degradar\u00e1 a depresi\u00f3n tropical.<\/p>\n<blockquote class=\"twitter-tweet\" data-width=\"550\" data-dnt=\"true\">\n<p lang=\"es\" dir=\"ltr\">\u26c8\ufe0f<a href=\"https:\/\/twitter.com\/hashtag\/Lluvias?src=hash&amp;ref_src=twsrc%5Etfw\" target=\"_blank\" rel=\"noopener\">#Lluvias<\/a> fuertes y <a href=\"https:\/\/twitter.com\/hashtag\/Rachas?src=hash&amp;ref_src=twsrc%5Etfw\" target=\"_blank\" rel=\"noopener\">#Rachas<\/a> de <a href=\"https:\/\/twitter.com\/hashtag\/Viento?src=hash&amp;ref_src=twsrc%5Etfw\" target=\"_blank\" rel=\"noopener\">#Viento<\/a> de 40 a 60 km\/h en regiones de <a href=\"https:\/\/twitter.com\/hashtag\/Nayarit?src=hash&amp;ref_src=twsrc%5Etfw\" target=\"_blank\" rel=\"noopener\">#Nayarit<\/a>, <a href=\"https:\/\/twitter.com\/hashtag\/Jalisco?src=hash&amp;ref_src=twsrc%5Etfw\" target=\"_blank\" rel=\"noopener\">#Jalisco<\/a>, <a href=\"https:\/\/twitter.com\/hashtag\/Colima?src=hash&amp;ref_src=twsrc%5Etfw\" target=\"_blank\" rel=\"noopener\">#Colima<\/a>, <a href=\"https:\/\/twitter.com\/hashtag\/Michoac%C3%A1n?src=hash&amp;ref_src=twsrc%5Etfw\" target=\"_blank\" rel=\"noopener\">#Michoac\u00e1n<\/a>, <a href=\"https:\/\/twitter.com\/hashtag\/Guanajuato?src=hash&amp;ref_src=twsrc%5Etfw\" target=\"_blank\" rel=\"noopener\">#Guanajuato<\/a> y <a href=\"https:\/\/twitter.com\/hashtag\/Aguscalientes?src=hash&amp;ref_src=twsrc%5Etfw\" target=\"_blank\" rel=\"noopener\">#Aguscalientes<\/a>. <a href=\"https:\/\/t.co\/bFTRgPnCmY\" target=\"_blank\">pic.twitter.com\/bFTRgPnCmY<\/a><\/p>\n<p>&mdash; CONAGUA Clima (@conagua_clima) <a href=\"https:\/\/twitter.com\/conagua_clima\/status\/1425602413373784070?ref_src=twsrc%5Etfw\" target=\"_blank\" rel=\"noopener\">August 11, 2021<\/a><\/p><\/blockquote>\n<p><script async src=\"https:\/\/platform.twitter.com\/widgets.js\" charset=\"utf-8\"><\/script><\/p>\n<p>&nbsp;<\/p>\n<p>&nbsp;<\/p>\n<\/div>\n","protected":false},"excerpt":{"rendered":"<p>*El SMN prev\u00e9 que el meteoro genere fuertes lluvias en Nayarit, Jalisco, Colima, Michoac\u00e1n y Guerrero La tormenta tropical \u00abLinda\u00bb se localiz\u00f3 al sur-suroeste de las costas del estado de Colima, y su paso continuar\u00e1 provocando fuertes lluvias en estados del oeste y sur del pa\u00eds, inform\u00f3 este mi\u00e9rcoles el Servicio Meteorol\u00f3gico Nacional (SMN). En&#8230;<\/p>\n","protected":false},"author":2,"featured_media":17623,"comment_status":"open","ping_status":"open","sticky":false,"template":"","format":"standard","meta":{"footnotes":""},"categories":[18],"tags":[29,30,28],"class_list":["post-17622","post","type-post","status-publish","format-standard","has-post-thumbnail","hentry","category-region","tag-grid","tag-news","tag-slider"],"_links":{"self":[{"href":"http:\/\/elobservatorio.com.mx\/index.php?rest_route=\/wp\/v2\/posts\/17622"}],"collection":[{"href":"http:\/\/elobservatorio.com.mx\/index.php?rest_route=\/wp\/v2\/posts"}],"about":[{"href":"http:\/\/elobservatorio.com.mx\/index.php?rest_route=\/wp\/v2\/types\/post"}],"author":[{"embeddable":true,"href":"http:\/\/elobservatorio.com.mx\/index.php?rest_route=\/wp\/v2\/users\/2"}],"replies":[{"embeddable":true,"href":"http:\/\/elobservatorio.com.mx\/index.php?rest_route=%2Fwp%2Fv2%2Fcomments&post=17622"}],"version-history":[{"count":0,"href":"http:\/\/elobservatorio.com.mx\/index.php?rest_route=\/wp\/v2\/posts\/17622\/revisions"}],"wp:featuredmedia":[{"embeddable":true,"href":"http:\/\/elobservatorio.com.mx\/index.php?rest_route=\/wp\/v2\/media\/17623"}],"wp:attachment":[{"href":"http:\/\/elobservatorio.com.mx\/index.php?rest_route=%2Fwp%2Fv2%2Fmedia&parent=17622"}],"wp:term":[{"taxonomy":"category","embeddable":true,"href":"http:\/\/elobservatorio.com.mx\/index.php?rest_route=%2Fwp%2Fv2%2Fcategories&post=17622"},{"taxonomy":"post_tag","embeddable":true,"href":"http:\/\/elobservatorio.com.mx\/index.php?rest_route=%2Fwp%2Fv2%2Ftags&post=17622"}],"curies":[{"name":"wp","href":"https:\/\/api.w.org\/{rel}","templated":true}]}}