{"id":1764,"date":"2019-01-22T19:12:30","date_gmt":"2019-01-22T19:12:30","guid":{"rendered":"http:\/\/elobservatorio.com.mx\/visita-alicia-lopez-de-hernandez-albergues-asilos-y-hospitales"},"modified":"2019-01-22T19:12:30","modified_gmt":"2019-01-22T19:12:30","slug":"visita-alicia-lopez-de-hernandez-albergues-asilos-y-hospitales","status":"publish","type":"post","link":"http:\/\/elobservatorio.com.mx\/?p=1764","title":{"rendered":"Visita Alicia L\u00f3pez de Hern\u00e1ndez albergues, asilos y hospitales"},"content":{"rendered":"<p><em>*Entreg\u00f3 donaciones de los estudiantes de la UdeC.<\/em><\/p>\n<p>Con el objetivo de mejorar la calidad de vida de quienes habitan los albergues para trabajadores ca\u00f1eros, las casas hogares para adultos mayores y comedores comunitarios, la presidenta del voluntariado de la Universidad de Colima y directora general del Centro de Desarrollo de la Familia Universitaria (CEDEFU) Alicia L\u00f3pez de Hern\u00e1ndez, acudi\u00f3 a dichos lugares ubicados en Queser\u00eda a donar ropa, abrigos y pa\u00f1ales.<\/p>\n<p>Adem\u00e1s, realiz\u00f3 visitas a ni\u00f1os y ni\u00f1as de hospitales de Tecom\u00e1n y Manzanillo, a quienes les entreg\u00f3 juguetes.<\/p>\n<p>L\u00f3pez de Hern\u00e1ndez agradeci\u00f3 la colaboraci\u00f3n de los estudiantes que, aunque no est\u00e1n en clases, siguen participando en acciones voluntarias: \u201cAgradezco a los alumnos de la UdeC, quienes donaron la ropa y los abrigos para contribuir a la mejora de calidad de vida de los adultos mayores y los ni\u00f1os\u201d.<\/p>\n<p>Sin duda, coment\u00f3 para finalizar, \u201cesto me hace confiar y creer en los estudiantes voluntarios, y saber que siempre dar\u00e1n respuesta inmediata a todas las acciones del Centro de Desarrollo de la Familia Universitaria\u201d.<\/p>\n","protected":false},"excerpt":{"rendered":"<p>*Entreg\u00f3 donaciones de los estudiantes de la UdeC. Con el objetivo de mejorar la calidad de vida de quienes habitan los albergues para trabajadores ca\u00f1eros, las casas hogares para adultos mayores y comedores comunitarios, la presidenta del voluntariado de la Universidad de Colima y directora general del Centro de Desarrollo de la Familia Universitaria (CEDEFU)&#8230;<\/p>\n","protected":false},"author":2,"featured_media":1765,"comment_status":"open","ping_status":"open","sticky":false,"template":"","format":"standard","meta":{"footnotes":""},"categories":[14],"tags":[29,30,28],"class_list":["post-1764","post","type-post","status-publish","format-standard","has-post-thumbnail","hentry","category-educacion-y-cultura","tag-grid","tag-news","tag-slider"],"_links":{"self":[{"href":"http:\/\/elobservatorio.com.mx\/index.php?rest_route=\/wp\/v2\/posts\/1764"}],"collection":[{"href":"http:\/\/elobservatorio.com.mx\/index.php?rest_route=\/wp\/v2\/posts"}],"about":[{"href":"http:\/\/elobservatorio.com.mx\/index.php?rest_route=\/wp\/v2\/types\/post"}],"author":[{"embeddable":true,"href":"http:\/\/elobservatorio.com.mx\/index.php?rest_route=\/wp\/v2\/users\/2"}],"replies":[{"embeddable":true,"href":"http:\/\/elobservatorio.com.mx\/index.php?rest_route=%2Fwp%2Fv2%2Fcomments&post=1764"}],"version-history":[{"count":0,"href":"http:\/\/elobservatorio.com.mx\/index.php?rest_route=\/wp\/v2\/posts\/1764\/revisions"}],"wp:featuredmedia":[{"embeddable":true,"href":"http:\/\/elobservatorio.com.mx\/index.php?rest_route=\/wp\/v2\/media\/1765"}],"wp:attachment":[{"href":"http:\/\/elobservatorio.com.mx\/index.php?rest_route=%2Fwp%2Fv2%2Fmedia&parent=1764"}],"wp:term":[{"taxonomy":"category","embeddable":true,"href":"http:\/\/elobservatorio.com.mx\/index.php?rest_route=%2Fwp%2Fv2%2Fcategories&post=1764"},{"taxonomy":"post_tag","embeddable":true,"href":"http:\/\/elobservatorio.com.mx\/index.php?rest_route=%2Fwp%2Fv2%2Ftags&post=1764"}],"curies":[{"name":"wp","href":"https:\/\/api.w.org\/{rel}","templated":true}]}}