{"id":17667,"date":"2021-08-17T21:59:31","date_gmt":"2021-08-18T02:59:31","guid":{"rendered":"http:\/\/elobservatorio.com.mx\/?p=17667"},"modified":"2021-08-17T21:59:31","modified_gmt":"2021-08-18T02:59:31","slug":"reuniones-de-trabajo-del-proceso-de-entrega-recepcion","status":"publish","type":"post","link":"http:\/\/elobservatorio.com.mx\/?p=17667","title":{"rendered":"Reuniones de trabajo del proceso de Entrega-Recepci\u00f3n"},"content":{"rendered":"<p>Titulares de las secretar\u00edas de Educaci\u00f3n, Cultura y Movilidad, encabezaron junto con la gobernadora electa, Indira Vizca\u00edno Silva, las reuniones de trabajo del proceso de Entrega-Recepci\u00f3n, en las que se expusieron las acciones y logros de cada materia durante el presente gobierno, as\u00ed como los proyectos pendientes y las \u00e1reas de oportunidad que quedar\u00e1n en manos de la administraci\u00f3n entrante, a fin de seguir avanzando en los diferentes rubros y las pol\u00edticas p\u00fablicas que benefician a la poblaci\u00f3n del Estado.<\/p>\n","protected":false},"excerpt":{"rendered":"<p>Titulares de las secretar\u00edas de Educaci\u00f3n, Cultura y Movilidad, encabezaron junto con la gobernadora electa, Indira Vizca\u00edno Silva, las reuniones de trabajo del proceso de Entrega-Recepci\u00f3n, en las que se expusieron las acciones y logros de cada materia durante el presente gobierno, as\u00ed como los proyectos pendientes y las \u00e1reas de oportunidad que quedar\u00e1n en&#8230;<\/p>\n","protected":false},"author":2,"featured_media":17668,"comment_status":"open","ping_status":"open","sticky":false,"template":"","format":"standard","meta":{"footnotes":""},"categories":[19],"tags":[29,30,28],"class_list":["post-17667","post","type-post","status-publish","format-standard","has-post-thumbnail","hentry","category-fotonotas","tag-grid","tag-news","tag-slider"],"_links":{"self":[{"href":"http:\/\/elobservatorio.com.mx\/index.php?rest_route=\/wp\/v2\/posts\/17667"}],"collection":[{"href":"http:\/\/elobservatorio.com.mx\/index.php?rest_route=\/wp\/v2\/posts"}],"about":[{"href":"http:\/\/elobservatorio.com.mx\/index.php?rest_route=\/wp\/v2\/types\/post"}],"author":[{"embeddable":true,"href":"http:\/\/elobservatorio.com.mx\/index.php?rest_route=\/wp\/v2\/users\/2"}],"replies":[{"embeddable":true,"href":"http:\/\/elobservatorio.com.mx\/index.php?rest_route=%2Fwp%2Fv2%2Fcomments&post=17667"}],"version-history":[{"count":0,"href":"http:\/\/elobservatorio.com.mx\/index.php?rest_route=\/wp\/v2\/posts\/17667\/revisions"}],"wp:featuredmedia":[{"embeddable":true,"href":"http:\/\/elobservatorio.com.mx\/index.php?rest_route=\/wp\/v2\/media\/17668"}],"wp:attachment":[{"href":"http:\/\/elobservatorio.com.mx\/index.php?rest_route=%2Fwp%2Fv2%2Fmedia&parent=17667"}],"wp:term":[{"taxonomy":"category","embeddable":true,"href":"http:\/\/elobservatorio.com.mx\/index.php?rest_route=%2Fwp%2Fv2%2Fcategories&post=17667"},{"taxonomy":"post_tag","embeddable":true,"href":"http:\/\/elobservatorio.com.mx\/index.php?rest_route=%2Fwp%2Fv2%2Ftags&post=17667"}],"curies":[{"name":"wp","href":"https:\/\/api.w.org\/{rel}","templated":true}]}}