{"id":17670,"date":"2021-08-17T22:10:22","date_gmt":"2021-08-18T03:10:22","guid":{"rendered":"http:\/\/elobservatorio.com.mx\/?p=17670"},"modified":"2021-08-17T22:10:22","modified_gmt":"2021-08-18T03:10:22","slug":"secretaria-del-trabajo-brinda-atencion-via-telefonica-para-evitar-contagios","status":"publish","type":"post","link":"http:\/\/elobservatorio.com.mx\/?p=17670","title":{"rendered":"Secretar\u00eda del Trabajo brinda atenci\u00f3n v\u00eda telef\u00f3nica para evitar contagios"},"content":{"rendered":"<p class=\"x_MsoNormal\"><span lang=\"ES-MX\">Con la finalidad de frenar la cadena de contagios por Covid-19 en esta etapa de m\u00e1ximo riesgo, desde el lunes 16 de agosto la Secretar\u00eda del Trabajo y Previsi\u00f3n Social (Setcol), brinda atenci\u00f3n v\u00eda telef\u00f3nica para evitar en lo posible que la poblaci\u00f3n acudan a las oficinas, seg\u00fan lo dio a conocer el encargado de la dependencia, Arturo Vergara Ch\u00e1vez.<\/span><\/p>\n<p class=\"x_MsoNormal\"><span lang=\"ES-MX\">Explic\u00f3 que la Direcci\u00f3n de Empleo continuar\u00e1 atendiendo a los buscadores de empleo, as\u00ed como a las empresas con vacantes disponibles, a fin de realizar una correcta vinculaci\u00f3n entre estos dos sectores de la poblaci\u00f3n y propiciar la generaci\u00f3n de oportunidades en la entidad.<\/span><\/p>\n<p class=\"x_MsoNormal\"><span lang=\"ES-MX\">Los interesados en recibir informaci\u00f3n y\/o atenci\u00f3n en Colima, deber\u00e1n comunicarse al tel\u00e9fono 3123162000 a las extensiones 26104, 26105, 26106, 26108, 26122, 26125; en Tecom\u00e1n a los tel\u00e9fonos: 313 32 43868 y 313 32 67143; en Manzanillo 314 33 27800 y 314 33 42699, en un horario de lunes a viernes de 8:30 a 16:30 horas.<\/span><\/p>\n<p class=\"x_MsoNormal\"><span lang=\"ES-MX\">Con respecto al programa de Movilidad Laboral, el funcionario detall\u00f3 que se continuar\u00e1 trabajando con normalidad y quienes vayan a viajar al extranjero ser\u00e1n atendidos en Colima en el tel\u00e9fono: 3123162000 a las extensiones 26120, 26121 y 26124; en Tecom\u00e1n a los tel\u00e9fonos: 313 32 43868 y 313 32 67143; en Manzanillo 314 33 27800 y 314 33 42699, en un horario de lunes a viernes de 8:30 a 16:30 horas.<\/span><\/p>\n<p class=\"x_MsoNormal\"><span lang=\"ES-MX\">Vergara Ch\u00e1vez detall\u00f3 que la Procuradur\u00eda de la Defensa del Trabajo, continuar\u00e1 brindando asesor\u00edas sobre dudas o inquietudes laborales, c\u00e1lculos que finiquitos, despidos injustificados entre otros.<\/span><\/p>\n<p class=\"x_MsoNormal\"><span lang=\"ES-MX\">Quienes presentan inquietudes sobre sus derechos laborales, deben llamar en Colima a los tel\u00e9fonos: 31231 27463 y 31231 29821; en Tecom\u00e1n, al tel\u00e9fono: 31332 41904 y, en Manzanillo, al tel\u00e9fono 31413 81745 de lunes a viernes de 9:00 a 15:00 horas.<\/span><\/p>\n<p class=\"x_MsoNormal\"><span lang=\"ES-MX\">Finalmente, en lo que respecta a las Juntas locales de Conciliaci\u00f3n y Arbitraje, \u00e9stas suspender\u00e1n las audiencias, t\u00e9rminos legales y atenci\u00f3n al p\u00fablico que se ten\u00edan programadas, reanud\u00e1ndose una vez que el sem\u00e1foro epidemiol\u00f3gico en la entidad lo permita.<\/span><\/p>\n","protected":false},"excerpt":{"rendered":"<p>Con la finalidad de frenar la cadena de contagios por Covid-19 en esta etapa de m\u00e1ximo riesgo, desde el lunes 16 de agosto la Secretar\u00eda del Trabajo y Previsi\u00f3n Social (Setcol), brinda atenci\u00f3n v\u00eda telef\u00f3nica para evitar en lo posible que la poblaci\u00f3n acudan a las oficinas, seg\u00fan lo dio a conocer el encargado de&#8230;<\/p>\n","protected":false},"author":2,"featured_media":17671,"comment_status":"open","ping_status":"open","sticky":false,"template":"","format":"standard","meta":{"footnotes":""},"categories":[16],"tags":[29,30,28],"class_list":["post-17670","post","type-post","status-publish","format-standard","has-post-thumbnail","hentry","category-gobierno","tag-grid","tag-news","tag-slider"],"_links":{"self":[{"href":"http:\/\/elobservatorio.com.mx\/index.php?rest_route=\/wp\/v2\/posts\/17670"}],"collection":[{"href":"http:\/\/elobservatorio.com.mx\/index.php?rest_route=\/wp\/v2\/posts"}],"about":[{"href":"http:\/\/elobservatorio.com.mx\/index.php?rest_route=\/wp\/v2\/types\/post"}],"author":[{"embeddable":true,"href":"http:\/\/elobservatorio.com.mx\/index.php?rest_route=\/wp\/v2\/users\/2"}],"replies":[{"embeddable":true,"href":"http:\/\/elobservatorio.com.mx\/index.php?rest_route=%2Fwp%2Fv2%2Fcomments&post=17670"}],"version-history":[{"count":0,"href":"http:\/\/elobservatorio.com.mx\/index.php?rest_route=\/wp\/v2\/posts\/17670\/revisions"}],"wp:featuredmedia":[{"embeddable":true,"href":"http:\/\/elobservatorio.com.mx\/index.php?rest_route=\/wp\/v2\/media\/17671"}],"wp:attachment":[{"href":"http:\/\/elobservatorio.com.mx\/index.php?rest_route=%2Fwp%2Fv2%2Fmedia&parent=17670"}],"wp:term":[{"taxonomy":"category","embeddable":true,"href":"http:\/\/elobservatorio.com.mx\/index.php?rest_route=%2Fwp%2Fv2%2Fcategories&post=17670"},{"taxonomy":"post_tag","embeddable":true,"href":"http:\/\/elobservatorio.com.mx\/index.php?rest_route=%2Fwp%2Fv2%2Ftags&post=17670"}],"curies":[{"name":"wp","href":"https:\/\/api.w.org\/{rel}","templated":true}]}}