{"id":17673,"date":"2021-08-17T22:25:08","date_gmt":"2021-08-18T03:25:08","guid":{"rendered":"http:\/\/elobservatorio.com.mx\/?p=17673"},"modified":"2021-08-17T22:25:08","modified_gmt":"2021-08-18T03:25:08","slug":"colimense-abandera-la-delegacion-mexicana-en-paralimpicos-de-tokio-2021","status":"publish","type":"post","link":"http:\/\/elobservatorio.com.mx\/?p=17673","title":{"rendered":"Colimense abandera la delegaci\u00f3n mexicana en Paral\u00edmpicos de Tokio 2021"},"content":{"rendered":"<p class=\"x_MsoNormal\"><i><span lang=\"ES-MX\">*El paraatleta Edgar Barajas recibi\u00f3 la bandera de manos del Presidente Andr\u00e9s Manuel L\u00f3pez Obrador.<\/span><\/i><\/p>\n<p class=\"x_MsoNormal\"><span lang=\"ES-MX\">\u00a0<\/span><span lang=\"ES-MX\">El seleccionado nacional de para atletismo, Edgar Ismael Barajas Barajas, es uno de los dos abanderados de la delegaci\u00f3n mexicana que competir\u00e1 en los Juegos Paral\u00edmpicos de Tokio, Jap\u00f3n, del 24 de agosto al 5 de septiembre de 2021.<\/span><\/p>\n<p class=\"x_MsoNormal\"><span lang=\"ES-MX\">As\u00ed lo dio a conocer, Ciria Salazar, directora general del Instituto Colimense del Deporte (Incode), quien resalt\u00f3 que el paraatleta es el primer Colimense en abanderar una delegaci\u00f3n deportiva.<\/span><\/p>\n<p class=\"x_MsoNormal\"><span lang=\"ES-MX\">Asimismo, la funcionaria estatal mencion\u00f3 que este martes se realiz\u00f3 la ceremonia de abanderamiento de la delegaci\u00f3n mexicana que competir\u00e1 en este evento internacional, encabezada por el presidente Andr\u00e9s Manuel L\u00f3pez Obrador; el evento se llev\u00f3 a cabo en Palacio Nacional.<\/span><\/p>\n<p class=\"x_MsoNormal\"><span lang=\"ES-MX\">La otra abanderada de la delegaci\u00f3n mexicana es la deportista Amalia P\u00e9rez.<\/span><\/p>\n<p class=\"x_MsoNormal\"><span lang=\"ES-MX\">En el acto estuvieron presentes Ana Gabriela Guevara, titular de la Conade y los paraatletas Rosa Mar\u00eda Guerrero y Jos\u00e9 de Jes\u00fas Castillo, entre otras autoridades.\u00a0<\/span><\/p>\n","protected":false},"excerpt":{"rendered":"<p>*El paraatleta Edgar Barajas recibi\u00f3 la bandera de manos del Presidente Andr\u00e9s Manuel L\u00f3pez Obrador. \u00a0El seleccionado nacional de para atletismo, Edgar Ismael Barajas Barajas, es uno de los dos abanderados de la delegaci\u00f3n mexicana que competir\u00e1 en los Juegos Paral\u00edmpicos de Tokio, Jap\u00f3n, del 24 de agosto al 5 de septiembre de 2021. As\u00ed&#8230;<\/p>\n","protected":false},"author":2,"featured_media":17674,"comment_status":"open","ping_status":"open","sticky":false,"template":"","format":"standard","meta":{"footnotes":""},"categories":[21],"tags":[29,30,28],"class_list":["post-17673","post","type-post","status-publish","format-standard","has-post-thumbnail","hentry","category-deportes","tag-grid","tag-news","tag-slider"],"_links":{"self":[{"href":"http:\/\/elobservatorio.com.mx\/index.php?rest_route=\/wp\/v2\/posts\/17673"}],"collection":[{"href":"http:\/\/elobservatorio.com.mx\/index.php?rest_route=\/wp\/v2\/posts"}],"about":[{"href":"http:\/\/elobservatorio.com.mx\/index.php?rest_route=\/wp\/v2\/types\/post"}],"author":[{"embeddable":true,"href":"http:\/\/elobservatorio.com.mx\/index.php?rest_route=\/wp\/v2\/users\/2"}],"replies":[{"embeddable":true,"href":"http:\/\/elobservatorio.com.mx\/index.php?rest_route=%2Fwp%2Fv2%2Fcomments&post=17673"}],"version-history":[{"count":0,"href":"http:\/\/elobservatorio.com.mx\/index.php?rest_route=\/wp\/v2\/posts\/17673\/revisions"}],"wp:featuredmedia":[{"embeddable":true,"href":"http:\/\/elobservatorio.com.mx\/index.php?rest_route=\/wp\/v2\/media\/17674"}],"wp:attachment":[{"href":"http:\/\/elobservatorio.com.mx\/index.php?rest_route=%2Fwp%2Fv2%2Fmedia&parent=17673"}],"wp:term":[{"taxonomy":"category","embeddable":true,"href":"http:\/\/elobservatorio.com.mx\/index.php?rest_route=%2Fwp%2Fv2%2Fcategories&post=17673"},{"taxonomy":"post_tag","embeddable":true,"href":"http:\/\/elobservatorio.com.mx\/index.php?rest_route=%2Fwp%2Fv2%2Ftags&post=17673"}],"curies":[{"name":"wp","href":"https:\/\/api.w.org\/{rel}","templated":true}]}}