{"id":1776,"date":"2019-01-22T19:48:07","date_gmt":"2019-01-22T19:48:07","guid":{"rendered":"http:\/\/elobservatorio.com.mx\/uber-anuncia-su-inicio-de-operaciones-en-colima"},"modified":"2019-01-22T19:48:07","modified_gmt":"2019-01-22T19:48:07","slug":"uber-anuncia-su-inicio-de-operaciones-en-colima","status":"publish","type":"post","link":"http:\/\/elobservatorio.com.mx\/?p=1776","title":{"rendered":"Uber anuncia su inicio de operaciones en Colima"},"content":{"rendered":"<p><em>*Procede a registrar a conductores para ofrecer servicios en Colima y Manzanillo.<\/em><\/p>\n<p>La empresa de traslados privados Uber anunci\u00f3 este martes el inicio de sus operaciones de servicio en las ciudades de Colima y Manzanillo, para lo cual ha lanzado su convocatoria para contrataci\u00f3n de socios conductores e interesados.<\/p>\n<p>Este tipo de servicio en Colima se contempla dentro de la Ley de Movilidad Sustentable para el Estado aprobada recientemente.<\/p>\n<p>Es de destacar que este servicio en Colima ya fue rechazado por los concesionarios y choferes de taxis en el Estado, quienes incluso realizaron en la entidad en meses pasados manifestaciones en contra de Uber y de Chofer Pro.<\/p>\n<p>Uber es una empresa internacional que proporciona a sus clientes veh\u00edculos de transporte con conductor (VTC), a trav\u00e9s de su software de aplicaci\u00f3n m\u00f3vil (app) que conecta los pasajeros con los conductores de veh\u00edculos registrados en su servicio, los cuales ofrecen un servicio de transporte a particulares. La empresa organiza recogidas en cientos de ciudades de todo el mundo y tiene su sede en San Francisco, California, Estados Unidos.<\/p>\n<p>Uber es la principal empresa proveedora de servicios de transporte a trav\u00e9s de una aplicaci\u00f3n. Debido a su gran expansi\u00f3n fue catalogada como competencia desleal por el sector taxista.<\/p>\n<p>La empresa de traslados privados, Uber, comenzar\u00e1 a registrar conductores para ofrecer sus servicios en la ciudad de Colima este martes 22 de enero.<\/p>\n<p>A trav\u00e9s de correos, la cuenta uber.mexico@uber.com ha realizado la invitaci\u00f3n a varios usuarios colimenses en donde ofrece descuentos para los primeros participantes.<\/p>\n<p>Los sitios de activaci\u00f3n, se instalar\u00e1n en un hotel al norte de la ciudad y en el puerto de Manzanillo a partir de ma\u00f1ana mi\u00e9rcoles, seg\u00fan la informaci\u00f3n del correo electr\u00f3nico.<\/p>\n<p>Uber es la aplicaci\u00f3n con m\u00e1s conductores registrados para servicios de traslados privados en el mundo, de acuerdo con su sitio electr\u00f3nico, y est\u00e1 presente en varias ciudades de M\u00e9xico como Guadalajara, Puebla y la capital del pa\u00eds.<\/p>\n","protected":false},"excerpt":{"rendered":"<p>*Procede a registrar a conductores para ofrecer servicios en Colima y Manzanillo. La empresa de traslados privados Uber anunci\u00f3 este martes el inicio de sus operaciones de servicio en las ciudades de Colima y Manzanillo, para lo cual ha lanzado su convocatoria para contrataci\u00f3n de socios conductores e interesados. Este tipo de servicio en Colima&#8230;<\/p>\n","protected":false},"author":2,"featured_media":1777,"comment_status":"open","ping_status":"open","sticky":false,"template":"","format":"standard","meta":{"footnotes":""},"categories":[17],"tags":[29,30,28],"class_list":["post-1776","post","type-post","status-publish","format-standard","has-post-thumbnail","hentry","category-economia-y-negocios","tag-grid","tag-news","tag-slider"],"_links":{"self":[{"href":"http:\/\/elobservatorio.com.mx\/index.php?rest_route=\/wp\/v2\/posts\/1776"}],"collection":[{"href":"http:\/\/elobservatorio.com.mx\/index.php?rest_route=\/wp\/v2\/posts"}],"about":[{"href":"http:\/\/elobservatorio.com.mx\/index.php?rest_route=\/wp\/v2\/types\/post"}],"author":[{"embeddable":true,"href":"http:\/\/elobservatorio.com.mx\/index.php?rest_route=\/wp\/v2\/users\/2"}],"replies":[{"embeddable":true,"href":"http:\/\/elobservatorio.com.mx\/index.php?rest_route=%2Fwp%2Fv2%2Fcomments&post=1776"}],"version-history":[{"count":0,"href":"http:\/\/elobservatorio.com.mx\/index.php?rest_route=\/wp\/v2\/posts\/1776\/revisions"}],"wp:featuredmedia":[{"embeddable":true,"href":"http:\/\/elobservatorio.com.mx\/index.php?rest_route=\/wp\/v2\/media\/1777"}],"wp:attachment":[{"href":"http:\/\/elobservatorio.com.mx\/index.php?rest_route=%2Fwp%2Fv2%2Fmedia&parent=1776"}],"wp:term":[{"taxonomy":"category","embeddable":true,"href":"http:\/\/elobservatorio.com.mx\/index.php?rest_route=%2Fwp%2Fv2%2Fcategories&post=1776"},{"taxonomy":"post_tag","embeddable":true,"href":"http:\/\/elobservatorio.com.mx\/index.php?rest_route=%2Fwp%2Fv2%2Ftags&post=1776"}],"curies":[{"name":"wp","href":"https:\/\/api.w.org\/{rel}","templated":true}]}}