{"id":17821,"date":"2021-08-23T22:11:05","date_gmt":"2021-08-24T03:11:05","guid":{"rendered":"http:\/\/elobservatorio.com.mx\/?p=17821"},"modified":"2021-08-23T22:11:05","modified_gmt":"2021-08-24T03:11:05","slug":"reunion-de-la-red-colimense-de-municipios-por-la-salud","status":"publish","type":"post","link":"http:\/\/elobservatorio.com.mx\/?p=17821","title":{"rendered":"Reuni\u00f3n de la Red Colimense de Municipios por la Salud"},"content":{"rendered":"<p>Durante la reciente reuni\u00f3n de la Red Colimense de Municipios por la Salud, los ayuntamientos de la entidad se comprometieron a exhortar de manera directa a la poblaci\u00f3n de sus municipios, para que adopten las medidas de prevenci\u00f3n y protecci\u00f3n contra el Covid-19 y promover en redes sociales la informaci\u00f3n que da a conocer la Secretar\u00eda de Salud y Bienestar Social sobre la pandemia. La sesi\u00f3n fue presidida por la secretaria de Salud, Leticia Guadalupe Delgado Carrillo.<\/p>\n","protected":false},"excerpt":{"rendered":"<p>Durante la reciente reuni\u00f3n de la Red Colimense de Municipios por la Salud, los ayuntamientos de la entidad se comprometieron a exhortar de manera directa a la poblaci\u00f3n de sus municipios, para que adopten las medidas de prevenci\u00f3n y protecci\u00f3n contra el Covid-19 y promover en redes sociales la informaci\u00f3n que da a conocer la&#8230;<\/p>\n","protected":false},"author":2,"featured_media":17822,"comment_status":"open","ping_status":"open","sticky":false,"template":"","format":"standard","meta":{"footnotes":""},"categories":[9,19],"tags":[29,30,28],"class_list":["post-17821","post","type-post","status-publish","format-standard","has-post-thumbnail","hentry","category-agro-y-salud","category-fotonotas","tag-grid","tag-news","tag-slider"],"_links":{"self":[{"href":"http:\/\/elobservatorio.com.mx\/index.php?rest_route=\/wp\/v2\/posts\/17821"}],"collection":[{"href":"http:\/\/elobservatorio.com.mx\/index.php?rest_route=\/wp\/v2\/posts"}],"about":[{"href":"http:\/\/elobservatorio.com.mx\/index.php?rest_route=\/wp\/v2\/types\/post"}],"author":[{"embeddable":true,"href":"http:\/\/elobservatorio.com.mx\/index.php?rest_route=\/wp\/v2\/users\/2"}],"replies":[{"embeddable":true,"href":"http:\/\/elobservatorio.com.mx\/index.php?rest_route=%2Fwp%2Fv2%2Fcomments&post=17821"}],"version-history":[{"count":0,"href":"http:\/\/elobservatorio.com.mx\/index.php?rest_route=\/wp\/v2\/posts\/17821\/revisions"}],"wp:featuredmedia":[{"embeddable":true,"href":"http:\/\/elobservatorio.com.mx\/index.php?rest_route=\/wp\/v2\/media\/17822"}],"wp:attachment":[{"href":"http:\/\/elobservatorio.com.mx\/index.php?rest_route=%2Fwp%2Fv2%2Fmedia&parent=17821"}],"wp:term":[{"taxonomy":"category","embeddable":true,"href":"http:\/\/elobservatorio.com.mx\/index.php?rest_route=%2Fwp%2Fv2%2Fcategories&post=17821"},{"taxonomy":"post_tag","embeddable":true,"href":"http:\/\/elobservatorio.com.mx\/index.php?rest_route=%2Fwp%2Fv2%2Ftags&post=17821"}],"curies":[{"name":"wp","href":"https:\/\/api.w.org\/{rel}","templated":true}]}}