{"id":17846,"date":"2021-08-27T12:47:05","date_gmt":"2021-08-27T17:47:05","guid":{"rendered":"http:\/\/elobservatorio.com.mx\/?p=17846"},"modified":"2021-08-27T12:47:05","modified_gmt":"2021-08-27T17:47:05","slug":"siete-colimenses-en-la-mira-de-la-conade-para-los-panamericanos-junior","status":"publish","type":"post","link":"http:\/\/elobservatorio.com.mx\/?p=17846","title":{"rendered":"Siete colimenses en la mira de la Conade para los Panamericanos Junior"},"content":{"rendered":"<p class=\"x_MsoNormal\"><i><span lang=\"ES-MX\">*En las disciplinas deportivas de handball, judo y nataci\u00f3n.<\/span><\/i><\/p>\n<p class=\"x_MsoNormal\"><span lang=\"ES-MX\">La directora general del Instituto Colimense del Deporte (Incode), Ciria Salazar, dio a conocer que siete colimenses de las disciplinas deportivas de handball, judo y nataci\u00f3n se encuentran en la Reserva Nacional para el proceso selectivo de cara a los pr\u00f3ximos Juegos Panamericanos de Junior de Cali, Colombia, a celebrarse del 25 de noviembre al 5 de diciembre de 2021.<\/span><\/p>\n<p class=\"x_MsoNormal\"><span lang=\"ES-MX\">La funcionaria estatal defini\u00f3 que la Reserva Nacional es toda aquella persona que manifiesta un conjunto de aptitudes gen\u00e9ticas o adquiridas que le pueden permitir con alta probabilidad, consolidarse como un deportista de alto rendimiento, o bien, cuentan con las calificaciones y clasificaciones internacionales.<\/span><\/p>\n<p class=\"x_MsoNormal\"><span lang=\"ES-MX\">Detall\u00f3 que las y los colimenses est\u00e1n en la mira de la Comisi\u00f3n Nacional de Cultura F\u00edsica y Deporte (Conade) y estar\u00e1n en proceso selectivo durante las pr\u00f3ximas semanas para que por ranking, marca o selecci\u00f3n sean elegibles por parte de sus Federaciones, y as\u00ed participar en la primera edici\u00f3n de dicha competencia.<\/span><\/p>\n<p class=\"x_MsoNormal\"><span lang=\"ES-MX\">Las y los colimenses considerados en este proceso son: Paola G\u00e1lvez, Esmeralda Vargas, Jos\u00e9 G\u00e1lvez, David Justo Ferm\u00edn e Israel Bayardo, de handball, as\u00ed como, Emiliano Mora, de nataci\u00f3n, y Javier Rosas Hoyos, de judo; quienes se encuentran en el Centro Nacional de Alto Rendimiento (CNAR) y en Colima prepar\u00e1ndose para pr\u00f3ximos selectivos y competencias de fogueo.<\/span><\/p>\n","protected":false},"excerpt":{"rendered":"<p>*En las disciplinas deportivas de handball, judo y nataci\u00f3n. La directora general del Instituto Colimense del Deporte (Incode), Ciria Salazar, dio a conocer que siete colimenses de las disciplinas deportivas de handball, judo y nataci\u00f3n se encuentran en la Reserva Nacional para el proceso selectivo de cara a los pr\u00f3ximos Juegos Panamericanos de Junior de&#8230;<\/p>\n","protected":false},"author":2,"featured_media":17847,"comment_status":"open","ping_status":"open","sticky":false,"template":"","format":"standard","meta":{"footnotes":""},"categories":[21],"tags":[29,30,28],"class_list":["post-17846","post","type-post","status-publish","format-standard","has-post-thumbnail","hentry","category-deportes","tag-grid","tag-news","tag-slider"],"_links":{"self":[{"href":"http:\/\/elobservatorio.com.mx\/index.php?rest_route=\/wp\/v2\/posts\/17846"}],"collection":[{"href":"http:\/\/elobservatorio.com.mx\/index.php?rest_route=\/wp\/v2\/posts"}],"about":[{"href":"http:\/\/elobservatorio.com.mx\/index.php?rest_route=\/wp\/v2\/types\/post"}],"author":[{"embeddable":true,"href":"http:\/\/elobservatorio.com.mx\/index.php?rest_route=\/wp\/v2\/users\/2"}],"replies":[{"embeddable":true,"href":"http:\/\/elobservatorio.com.mx\/index.php?rest_route=%2Fwp%2Fv2%2Fcomments&post=17846"}],"version-history":[{"count":0,"href":"http:\/\/elobservatorio.com.mx\/index.php?rest_route=\/wp\/v2\/posts\/17846\/revisions"}],"wp:featuredmedia":[{"embeddable":true,"href":"http:\/\/elobservatorio.com.mx\/index.php?rest_route=\/wp\/v2\/media\/17847"}],"wp:attachment":[{"href":"http:\/\/elobservatorio.com.mx\/index.php?rest_route=%2Fwp%2Fv2%2Fmedia&parent=17846"}],"wp:term":[{"taxonomy":"category","embeddable":true,"href":"http:\/\/elobservatorio.com.mx\/index.php?rest_route=%2Fwp%2Fv2%2Fcategories&post=17846"},{"taxonomy":"post_tag","embeddable":true,"href":"http:\/\/elobservatorio.com.mx\/index.php?rest_route=%2Fwp%2Fv2%2Ftags&post=17846"}],"curies":[{"name":"wp","href":"https:\/\/api.w.org\/{rel}","templated":true}]}}