{"id":17849,"date":"2021-08-27T13:02:23","date_gmt":"2021-08-27T18:02:23","guid":{"rendered":"http:\/\/elobservatorio.com.mx\/?p=17849"},"modified":"2021-08-27T13:02:23","modified_gmt":"2021-08-27T18:02:23","slug":"sin-claridad-en-fecha-para-que-gobierno-estatal-pague-adeudo-a-la-udec-rector","status":"publish","type":"post","link":"http:\/\/elobservatorio.com.mx\/?p=17849","title":{"rendered":"Sin claridad en fecha para que gobierno estatal pague adeudo a la UdeC: Rector"},"content":{"rendered":"<p><em>*\u201cDe la entrega de estos recursos depende la estabilidad de m\u00e1s de 4 mil familias y 28 mil estudiantes que forman parte de nuestra comunidad universitaria\u201d, a\u00f1adi\u00f3 Christian Torres Ortiz.<\/em><\/p>\n<p>\u201cPese a que el gobernador Ignacio Peralta confirm\u00f3 que la Universidad de Colima forma parte de las gestiones para entregarnos los recursos financieros que nos adeuda, es necesario precisar que hasta el momento no existe claridad de su parte respecto a la fecha en que dichos recursos nos ser\u00e1n entregados\u201d.<\/p>\n<p>En entrevista realizada este jueves, Christian Jorge Torres Ortiz Zerme\u00f1o, rector de la Universidad de Colima, inform\u00f3 lo anterior y coment\u00f3 que efectivamente se tuvo el pasado mi\u00e9rcoles una reuni\u00f3n con el gobernador, \u201cdonde se nos inform\u00f3 la situaci\u00f3n financiera que guarda su administraci\u00f3n y los mecanismos de gesti\u00f3n que est\u00e1 realizando ante las instancias del gobierno federal, as\u00ed como el debido reconocimiento que se tiene hacia nuestra Casa de Estudios por su importancia en el desarrollo de la entidad\u201d.<\/p>\n<p>Sin embargo, insisti\u00f3 el rector, \u201cno tenemos a\u00fan una fecha definida, por lo que le reiteramos al gobernador Jos\u00e9 Ignacio Peralta S\u00e1nchez, la exigencia de que pague a la brevedad los recursos que corresponden a la instituci\u00f3n, ya que de ello depende la estabilidad de m\u00e1s de 4 mil familias y 28 mil estudiantes que forman parte de nuestra comunidad universitaria\u201d.<\/p>\n<p>En este sentido, pidi\u00f3 por \u00faltimo a las y los universitarios \u201cno bajar la guardia y mantenerse atentos a la situaci\u00f3n y a las acciones que seguiremos ejerciendo para reclamar y garantizar el pago de los recursos financieros que se nos adeudan\u201d.<\/p>\n<p>&nbsp;<\/p>\n<p>&nbsp;<\/p>\n","protected":false},"excerpt":{"rendered":"<p>*\u201cDe la entrega de estos recursos depende la estabilidad de m\u00e1s de 4 mil familias y 28 mil estudiantes que forman parte de nuestra comunidad universitaria\u201d, a\u00f1adi\u00f3 Christian Torres Ortiz. \u201cPese a que el gobernador Ignacio Peralta confirm\u00f3 que la Universidad de Colima forma parte de las gestiones para entregarnos los recursos financieros que nos&#8230;<\/p>\n","protected":false},"author":2,"featured_media":17850,"comment_status":"open","ping_status":"open","sticky":false,"template":"","format":"standard","meta":{"footnotes":""},"categories":[14],"tags":[29,30,28],"class_list":["post-17849","post","type-post","status-publish","format-standard","has-post-thumbnail","hentry","category-educacion-y-cultura","tag-grid","tag-news","tag-slider"],"_links":{"self":[{"href":"http:\/\/elobservatorio.com.mx\/index.php?rest_route=\/wp\/v2\/posts\/17849"}],"collection":[{"href":"http:\/\/elobservatorio.com.mx\/index.php?rest_route=\/wp\/v2\/posts"}],"about":[{"href":"http:\/\/elobservatorio.com.mx\/index.php?rest_route=\/wp\/v2\/types\/post"}],"author":[{"embeddable":true,"href":"http:\/\/elobservatorio.com.mx\/index.php?rest_route=\/wp\/v2\/users\/2"}],"replies":[{"embeddable":true,"href":"http:\/\/elobservatorio.com.mx\/index.php?rest_route=%2Fwp%2Fv2%2Fcomments&post=17849"}],"version-history":[{"count":0,"href":"http:\/\/elobservatorio.com.mx\/index.php?rest_route=\/wp\/v2\/posts\/17849\/revisions"}],"wp:featuredmedia":[{"embeddable":true,"href":"http:\/\/elobservatorio.com.mx\/index.php?rest_route=\/wp\/v2\/media\/17850"}],"wp:attachment":[{"href":"http:\/\/elobservatorio.com.mx\/index.php?rest_route=%2Fwp%2Fv2%2Fmedia&parent=17849"}],"wp:term":[{"taxonomy":"category","embeddable":true,"href":"http:\/\/elobservatorio.com.mx\/index.php?rest_route=%2Fwp%2Fv2%2Fcategories&post=17849"},{"taxonomy":"post_tag","embeddable":true,"href":"http:\/\/elobservatorio.com.mx\/index.php?rest_route=%2Fwp%2Fv2%2Ftags&post=17849"}],"curies":[{"name":"wp","href":"https:\/\/api.w.org\/{rel}","templated":true}]}}