{"id":17852,"date":"2021-08-27T13:11:49","date_gmt":"2021-08-27T18:11:49","guid":{"rendered":"http:\/\/elobservatorio.com.mx\/?p=17852"},"modified":"2021-08-27T13:11:49","modified_gmt":"2021-08-27T18:11:49","slug":"recibe-udec-archivo-bibliografico-del-poeta-victor-manuel-cardenas","status":"publish","type":"post","link":"http:\/\/elobservatorio.com.mx\/?p=17852","title":{"rendered":"Recibe UdeC archivo bibliogr\u00e1fico del poeta V\u00edctor Manuel C\u00e1rdenas"},"content":{"rendered":"<p><em>*\u201cMe siento tranquila porque no hay mejor lugar que la Universidad para resguardar este valioso acervo\u201d: Marisol L\u00f3pez Llerenas.<\/em><\/p>\n<p><em>\u00a0<\/em>Este jueves, la Universidad de Colima recibi\u00f3 en donaci\u00f3n el acervo bibliogr\u00e1fico del escritor y poeta colimense V\u00edctor Manuel C\u00e1rdenas Morales, de manos de la familia C\u00e1rdenas L\u00f3pez Llerenas, el cual consta de m\u00e1s de mil 800 ejemplares que estar\u00e1n disponibles en breve en la Biblioteca de Ciencias Sociales de esta Casa de Estudios.<\/p>\n<p>En buena parte, la donaci\u00f3n fue posible gracias a las gestiones de la Dra. Ada Aurora S\u00e1nchez Pe\u00f1a, directora de la Facultad de Letras y Comunicaci\u00f3n (Falcom), quien comparti\u00f3 lo dif\u00edcil que fue para la familia del poeta desprenderse de estos libros, \u201cporque en m\u00e1s de un sentido, en esos libros iba su padre, su esposo, el lector obsesivo, constante, el escritor que iba recuperando, al d\u00eda, novedades literarias y el intelectual que recib\u00eda libros como obsequio de otros escritores famosos\u201d, adem\u00e1s de los libros de su propia autor\u00eda.<\/p>\n<p>El consuelo que sienten al desprenderse de este acervo, agreg\u00f3, \u201cy que tanto significa en t\u00e9rminos culturales y afectivos, es que la familia sabe que, al ponerse a disposici\u00f3n de la consulta p\u00fablica, en especial de las y los universitarios, ser\u00e1 de enorme beneficio\u201d, sobre todo de las y los alumnos de la Falcom. Ada Aurora S\u00e1nchez anunci\u00f3 que esta facultad abrir\u00e1 un taller literario con el nombre de V\u00edctor Manuel C\u00e1rdenas, dirigido a j\u00f3venes de preparatoria y licenciatura, y agradeci\u00f3 por \u00faltimo \u201ca la familia del poeta y a la UdeC, que en medio de las condiciones complejas que nos asisten en estos tiempos tiene siempre, como prioridad, la extensi\u00f3n de la cultura y la formaci\u00f3n integral de sus estudiantes\u201d.<\/p>\n<p>Por su parte, Marisol L\u00f3pez Llerenas, viuda del poeta, agradeci\u00f3 al rector que este mes de agosto recibiera el acervo, ya que este mes se cumplen cuatro a\u00f1os del fallecimiento de V\u00edctor Manuel C\u00e1rdenas, quien public\u00f3 en vida doce poemarios y un libro de historia; \u201cestoy segura de que esta colecci\u00f3n tan variada les ser\u00e1 de mucha utilidad a los estudiantes y maestros, as\u00ed como a otras personas que les guste leer.<\/p>\n<p>Entre otros muchos, la colecci\u00f3n incluye libros dedicados al poeta de autores como Octavio Paz, Jaime Sabines, Carlos Pellicer, Jos\u00e9 Emilio Pacheco, Juan Ba\u00f1uelos, V\u00edctor Sandoval, Margarita Michelena, Marco Antonio Campos, Eduardo Casar, M\u00f3nica Lav\u00edn, Vicente Quirarte, Rosario Castellanos y Ram\u00f3n L\u00f3pez Velarde; \u201cme siento tranquila -finaliz\u00f3- porque no hay mejor lugar que la Universidad para resguardar este valioso acervo; confiamos en que se promueva el acercamiento de la colecci\u00f3n a los estudiantes y maestros, para que el esp\u00edritu de apoyo que ten\u00eda mi marido para acercar a los j\u00f3venes a la literatura pueda seguir permeando a trav\u00e9s de estos libros\u201d.<\/p>\n<p>Finalmente, el rector Christian Torres Ortiz agradeci\u00f3 el gesto a la familia del poeta V\u00edctor Manuel C\u00e1rdenas, de acercarse a la Universidad de Colima para la donaci\u00f3n de poco m\u00e1s de mil 800 ejemplares; \u201csabemos que la donaci\u00f3n se da por el deseo expreso del poeta, a quien de manera p\u00f3stuma le seguimos agradeciendo por continuar distingui\u00e9ndose en su firme vocaci\u00f3n literaria y por su apoyo a las organizaciones sociales\u201d.<\/p>\n<p>Adem\u00e1s, el rector destac\u00f3 la trayectoria de V\u00edctor C\u00e1rdenas, que fue merecedor del Premio Nacional de Poes\u00eda Joven de M\u00e9xico (1981), el Premio Nacional de Ram\u00f3n L\u00f3pez Velarde (2007), el Premio Interamericano de Literatura Carlos Montemayor (2014) y el Premio Colima al M\u00e9rito en Artes otorgado por el Gobierno del Estado de Colima (2016).<\/p>\n<p>En la Universidad, agreg\u00f3, se distingui\u00f3 como docente, imparti\u00f3 talleres literarios, dict\u00f3 c\u00e1tedra en la Escuela (hoy Facultad) de Letras y Comunicaci\u00f3n, e impuls\u00f3 la creaci\u00f3n del Centro de Estudios Literarios de la Universidad de Colima (CEDELUC) y del Museo Regional de Historia de Colima. Adem\u00e1s, fue fundador y director de la Biblioteca Central del Estado de Colima y de la Red Estatal de Bibliotecas.<\/p>\n<p>Por \u00faltimo, comparti\u00f3 que \u201cacciones como las del d\u00eda de hoy, son muestra del reconocimiento a su trayectoria literaria y del alcance de su obra. Propiciaremos entre los universitarios que, a trav\u00e9s de este acervo, todos sigan benefici\u00e1ndose de su legado y que sea un aliciente para las generaciones actuales y futuras\u201d.<\/p>\n<p>Tambi\u00e9n estuvieron en esta entrega Marisol y V\u00edctor Manuel C\u00e1rdenas L\u00f3pez Llerenas, hijos del Poeta, as\u00ed como Alejandro S\u00e1nchez, director general de Tecnolog\u00edas Informacionales de la UdeC.<\/p>\n","protected":false},"excerpt":{"rendered":"<p>*\u201cMe siento tranquila porque no hay mejor lugar que la Universidad para resguardar este valioso acervo\u201d: Marisol L\u00f3pez Llerenas. \u00a0Este jueves, la Universidad de Colima recibi\u00f3 en donaci\u00f3n el acervo bibliogr\u00e1fico del escritor y poeta colimense V\u00edctor Manuel C\u00e1rdenas Morales, de manos de la familia C\u00e1rdenas L\u00f3pez Llerenas, el cual consta de m\u00e1s de mil&#8230;<\/p>\n","protected":false},"author":2,"featured_media":17853,"comment_status":"open","ping_status":"open","sticky":false,"template":"","format":"standard","meta":{"footnotes":""},"categories":[14],"tags":[29,30,28],"class_list":["post-17852","post","type-post","status-publish","format-standard","has-post-thumbnail","hentry","category-educacion-y-cultura","tag-grid","tag-news","tag-slider"],"_links":{"self":[{"href":"http:\/\/elobservatorio.com.mx\/index.php?rest_route=\/wp\/v2\/posts\/17852"}],"collection":[{"href":"http:\/\/elobservatorio.com.mx\/index.php?rest_route=\/wp\/v2\/posts"}],"about":[{"href":"http:\/\/elobservatorio.com.mx\/index.php?rest_route=\/wp\/v2\/types\/post"}],"author":[{"embeddable":true,"href":"http:\/\/elobservatorio.com.mx\/index.php?rest_route=\/wp\/v2\/users\/2"}],"replies":[{"embeddable":true,"href":"http:\/\/elobservatorio.com.mx\/index.php?rest_route=%2Fwp%2Fv2%2Fcomments&post=17852"}],"version-history":[{"count":0,"href":"http:\/\/elobservatorio.com.mx\/index.php?rest_route=\/wp\/v2\/posts\/17852\/revisions"}],"wp:featuredmedia":[{"embeddable":true,"href":"http:\/\/elobservatorio.com.mx\/index.php?rest_route=\/wp\/v2\/media\/17853"}],"wp:attachment":[{"href":"http:\/\/elobservatorio.com.mx\/index.php?rest_route=%2Fwp%2Fv2%2Fmedia&parent=17852"}],"wp:term":[{"taxonomy":"category","embeddable":true,"href":"http:\/\/elobservatorio.com.mx\/index.php?rest_route=%2Fwp%2Fv2%2Fcategories&post=17852"},{"taxonomy":"post_tag","embeddable":true,"href":"http:\/\/elobservatorio.com.mx\/index.php?rest_route=%2Fwp%2Fv2%2Ftags&post=17852"}],"curies":[{"name":"wp","href":"https:\/\/api.w.org\/{rel}","templated":true}]}}