{"id":17934,"date":"2021-09-01T22:19:06","date_gmt":"2021-09-02T03:19:06","guid":{"rendered":"http:\/\/elobservatorio.com.mx\/?p=17934"},"modified":"2021-09-01T22:19:06","modified_gmt":"2021-09-02T03:19:06","slug":"tee-confirma-triunfo-de-tey-gutierrez-como-presidenta-municipal-de-villa-de-alvarez","status":"publish","type":"post","link":"http:\/\/elobservatorio.com.mx\/?p=17934","title":{"rendered":"TEE confirma triunfo de Tey Guti\u00e9rrez como Presidenta municipal de Villa de \u00c1lvarez"},"content":{"rendered":"<p class=\"x_gmail-MsoListParagraph\"><em>*Infundada e inoperante impugnaci\u00f3n de el ex candidato de Morena, Guillermo Toscano Reyes y de V\u00edctor Hugo Morales Gaspar, ex candidato a regidor suplente postulado por el Partido Redes Sociales Progresistas,\u00a0\u00a0resuelve Tribunal Electoral del Estado.<\/em><\/p>\n<p class=\"x_gmail-MsoListParagraph\">\nVilla de \u00c1lvarez, Col; a 01 de septiembre de 2021.- \u00a0El Tribunal Electoral del Estado de Colima (TEEC) confirm\u00f3 por unanimidad el triunfo de Esther Guti\u00e9rrez Andrade, en la elecci\u00f3n al Ayuntamiento de Villa de \u00c1lvarez, tras declarar infundados e inoperantes los agravios planteados en los recursos de impugnaci\u00f3n promovidos por el ex candidato de Morena a la Presidencia municipal, Guillermo Toscano Reyes y el ciudadano, V\u00edctor Hugo Morales Gaspar, qui\u00e9n particip\u00f3 en el proceso electoral como candidato a regidor suplente postulado por el Partido Redes Sociales Progresistas.<\/p>\n<p class=\"x_MsoNormal\">Lo anterior durante la sesi\u00f3n p\u00fablica extraordinaria realizada la tarde de este mi\u00e9rcoles 01 de septiembre del presente a\u00f1o, se someti\u00f3 a la consideraci\u00f3n del pleno el acuerdo de sentencia definitiva respecto a los juicios de inconformidad identificados con la clave y n\u00famero de expediente JI-35\/2021 y su acumulado, JI-36\/2021, para controvertir el c\u00f3mputo municipal, la declaraci\u00f3n de validez de la elecci\u00f3n de Ayuntamiento de Villa de \u00c1lvarez, en el proceso electoral local 2020-2021, as\u00ed como la entrega de la constancia de mayor\u00eda a la planilla que encabeza Guti\u00e9rrez Andrade, postulada por la coalici\u00f3n \u201cVa por Colima\u201d y que ninguno de los promoventes lograron acreditar los agravios se\u00f1alados.<\/p>\n<p class=\"x_MsoNormal\">De acuerdo a la ponencia del magistrado Jos\u00e9 Luis Puente Anguiano en la parte resolutiva declararon inoperantes e infundados los agravios esgrimidos en el presente juicio de inconformidad interpuesto por\u00a0 Guillermo Toscano Reyes y V\u00edctor Hugo Morales Gaspar, en raz\u00f3n de las consideraciones expuestas en la presente sentencia\u201d.<\/p>\n<p class=\"x_MsoNormal\">Con esta sentencia se confirma el triunfo de la maestra Esther Guti\u00e9rrez Andrade y se hace valer la voluntad mayoritaria de los villalvarenses que decidieron otorgarle su confianza para que sea ella quien encabece los esfuerzos a partir del pr\u00f3ximo 15 de octubre.<\/p>\n","protected":false},"excerpt":{"rendered":"<p>*Infundada e inoperante impugnaci\u00f3n de el ex candidato de Morena, Guillermo Toscano Reyes y de V\u00edctor Hugo Morales Gaspar, ex candidato a regidor suplente postulado por el Partido Redes Sociales Progresistas,\u00a0\u00a0resuelve Tribunal Electoral del Estado. Villa de \u00c1lvarez, Col; a 01 de septiembre de 2021.- \u00a0El Tribunal Electoral del Estado de Colima (TEEC) confirm\u00f3 por&#8230;<\/p>\n","protected":false},"author":2,"featured_media":17935,"comment_status":"open","ping_status":"open","sticky":false,"template":"","format":"standard","meta":{"footnotes":""},"categories":[52,10],"tags":[29,30,28],"class_list":["post-17934","post","type-post","status-publish","format-standard","has-post-thumbnail","hentry","category-elecciones-2021","category-politica","tag-grid","tag-news","tag-slider"],"_links":{"self":[{"href":"http:\/\/elobservatorio.com.mx\/index.php?rest_route=\/wp\/v2\/posts\/17934"}],"collection":[{"href":"http:\/\/elobservatorio.com.mx\/index.php?rest_route=\/wp\/v2\/posts"}],"about":[{"href":"http:\/\/elobservatorio.com.mx\/index.php?rest_route=\/wp\/v2\/types\/post"}],"author":[{"embeddable":true,"href":"http:\/\/elobservatorio.com.mx\/index.php?rest_route=\/wp\/v2\/users\/2"}],"replies":[{"embeddable":true,"href":"http:\/\/elobservatorio.com.mx\/index.php?rest_route=%2Fwp%2Fv2%2Fcomments&post=17934"}],"version-history":[{"count":0,"href":"http:\/\/elobservatorio.com.mx\/index.php?rest_route=\/wp\/v2\/posts\/17934\/revisions"}],"wp:featuredmedia":[{"embeddable":true,"href":"http:\/\/elobservatorio.com.mx\/index.php?rest_route=\/wp\/v2\/media\/17935"}],"wp:attachment":[{"href":"http:\/\/elobservatorio.com.mx\/index.php?rest_route=%2Fwp%2Fv2%2Fmedia&parent=17934"}],"wp:term":[{"taxonomy":"category","embeddable":true,"href":"http:\/\/elobservatorio.com.mx\/index.php?rest_route=%2Fwp%2Fv2%2Fcategories&post=17934"},{"taxonomy":"post_tag","embeddable":true,"href":"http:\/\/elobservatorio.com.mx\/index.php?rest_route=%2Fwp%2Fv2%2Ftags&post=17934"}],"curies":[{"name":"wp","href":"https:\/\/api.w.org\/{rel}","templated":true}]}}