{"id":18030,"date":"2021-09-07T18:30:27","date_gmt":"2021-09-07T23:30:27","guid":{"rendered":"http:\/\/elobservatorio.com.mx\/?p=18030"},"modified":"2021-09-07T18:30:27","modified_gmt":"2021-09-07T23:30:27","slug":"se-forma-depresion-tropical-15-e-frente-a-costas-de-colima-y-jalisco","status":"publish","type":"post","link":"http:\/\/elobservatorio.com.mx\/?p=18030","title":{"rendered":"Se forma Depresi\u00f3n Tropical \u00ab15-E\u00bb frente a costas de Colima y Jalisco"},"content":{"rendered":"<p>El Servicio Meteorol\u00f3gico Nacional (SMN) inform\u00f3 que se cre\u00f3 la depresi\u00f3n tropical 15-E en el Oc\u00e9ano Pac\u00edfico, el cual presenta vientos m\u00e1ximos sostenidos de 55 kil\u00f3metros por hora.<\/p>\n<p>El organismo dio a conocer que su centro se ubic\u00f3 aproximadamente a 390 kil\u00f3metros al oeste-suroeste de Manzanillo, Colima y la circulaci\u00f3n del cicl\u00f3n refuerza la probabilidad de lluvias intensas de 75 a 150 mil\u00edmetros en Jalisco y Nayarit.<\/p>\n<p>Se encuentra a 560 kil\u00f3metros al sur-sureste de Cabo San Lucas, Baja California Sur, podr\u00eda causar lluvias muy fuertes en Colima y Michoac\u00e1n; as\u00ed como rachas de 50 a 60 kil\u00f3metros por hora y oleaje de uno a tres metros de altura en las costas de Jalisco y Colima.<\/p>\n<blockquote class=\"twitter-tweet\" data-width=\"550\" data-dnt=\"true\">\n<p lang=\"es\" dir=\"ltr\"><a href=\"https:\/\/twitter.com\/hashtag\/AvisoMeteorol%C3%B3gico?src=hash&amp;ref_src=twsrc%5Etfw\" target=\"_blank\" rel=\"noopener\">#AvisoMeteorol\u00f3gico<\/a> Esta tarde se form\u00f3 la <a href=\"https:\/\/twitter.com\/hashtag\/Depresi%C3%B3nTropical?src=hash&amp;ref_src=twsrc%5Etfw\" target=\"_blank\" rel=\"noopener\">#Depresi\u00f3nTropical<\/a> 15-E frente a las costas de <a href=\"https:\/\/twitter.com\/hashtag\/Colima?src=hash&amp;ref_src=twsrc%5Etfw\" target=\"_blank\" rel=\"noopener\">#Colima<\/a> y <a href=\"https:\/\/twitter.com\/hashtag\/Jalisco?src=hash&amp;ref_src=twsrc%5Etfw\" target=\"_blank\" rel=\"noopener\">#Jalisco<\/a> <\/p>\n<p>M\u00e1s informaci\u00f3n en \ud83d\udc49<a href=\"https:\/\/t.co\/pHWjnTxapf\" target=\"_blank\">https:\/\/t.co\/pHWjnTxapf<\/a> <a href=\"https:\/\/t.co\/XQcDqbrKyj\" target=\"_blank\">pic.twitter.com\/XQcDqbrKyj<\/a><\/p>\n<p>&mdash; CONAGUA Clima (@conagua_clima) <a href=\"https:\/\/twitter.com\/conagua_clima\/status\/1435357986663264257?ref_src=twsrc%5Etfw\" target=\"_blank\" rel=\"noopener\">September 7, 2021<\/a><\/p><\/blockquote>\n<p><script async src=\"https:\/\/platform.twitter.com\/widgets.js\" charset=\"utf-8\"><\/script><\/p>\n<p>&nbsp;<\/p>\n<p>Las lluvias podr\u00edan provocar deslaves, incremento en los niveles de r\u00edos y arroyos, y desbordamientos e inundaciones en zonas bajas, por lo que se exhorta a la poblaci\u00f3n y a la navegaci\u00f3n mar\u00edtima a atender los avisos del SMN y seguir las indicaciones de las autoridades estatales, municipales y de Protecci\u00f3n Civil, as\u00ed como extremar precauciones en las zonas de los estados mencionados por lluvias, viento y oleaje.<\/p>\n","protected":false},"excerpt":{"rendered":"<p>El Servicio Meteorol\u00f3gico Nacional (SMN) inform\u00f3 que se cre\u00f3 la depresi\u00f3n tropical 15-E en el Oc\u00e9ano Pac\u00edfico, el cual presenta vientos m\u00e1ximos sostenidos de 55 kil\u00f3metros por hora. El organismo dio a conocer que su centro se ubic\u00f3 aproximadamente a 390 kil\u00f3metros al oeste-suroeste de Manzanillo, Colima y la circulaci\u00f3n del cicl\u00f3n refuerza la probabilidad&#8230;<\/p>\n","protected":false},"author":2,"featured_media":18032,"comment_status":"open","ping_status":"open","sticky":false,"template":"","format":"standard","meta":{"footnotes":""},"categories":[18],"tags":[29,30,28],"class_list":["post-18030","post","type-post","status-publish","format-standard","has-post-thumbnail","hentry","category-region","tag-grid","tag-news","tag-slider"],"_links":{"self":[{"href":"http:\/\/elobservatorio.com.mx\/index.php?rest_route=\/wp\/v2\/posts\/18030"}],"collection":[{"href":"http:\/\/elobservatorio.com.mx\/index.php?rest_route=\/wp\/v2\/posts"}],"about":[{"href":"http:\/\/elobservatorio.com.mx\/index.php?rest_route=\/wp\/v2\/types\/post"}],"author":[{"embeddable":true,"href":"http:\/\/elobservatorio.com.mx\/index.php?rest_route=\/wp\/v2\/users\/2"}],"replies":[{"embeddable":true,"href":"http:\/\/elobservatorio.com.mx\/index.php?rest_route=%2Fwp%2Fv2%2Fcomments&post=18030"}],"version-history":[{"count":0,"href":"http:\/\/elobservatorio.com.mx\/index.php?rest_route=\/wp\/v2\/posts\/18030\/revisions"}],"wp:featuredmedia":[{"embeddable":true,"href":"http:\/\/elobservatorio.com.mx\/index.php?rest_route=\/wp\/v2\/media\/18032"}],"wp:attachment":[{"href":"http:\/\/elobservatorio.com.mx\/index.php?rest_route=%2Fwp%2Fv2%2Fmedia&parent=18030"}],"wp:term":[{"taxonomy":"category","embeddable":true,"href":"http:\/\/elobservatorio.com.mx\/index.php?rest_route=%2Fwp%2Fv2%2Fcategories&post=18030"},{"taxonomy":"post_tag","embeddable":true,"href":"http:\/\/elobservatorio.com.mx\/index.php?rest_route=%2Fwp%2Fv2%2Ftags&post=18030"}],"curies":[{"name":"wp","href":"https:\/\/api.w.org\/{rel}","templated":true}]}}