{"id":18034,"date":"2021-09-07T18:47:43","date_gmt":"2021-09-07T23:47:43","guid":{"rendered":"http:\/\/elobservatorio.com.mx\/?p=18034"},"modified":"2021-09-07T18:47:43","modified_gmt":"2021-09-07T23:47:43","slug":"actores-colimenses-graban-en-la-entidad-pelicula-la-diva-sicaria","status":"publish","type":"post","link":"http:\/\/elobservatorio.com.mx\/?p=18034","title":{"rendered":"Actores colimenses graban en la Entidad pel\u00edcula \u00abLa Diva Sicaria\u00bb"},"content":{"rendered":"<p><em>*Se busca promover a Colima y fomentar los valores a trav\u00e9s del cine, dice la actirz Cindy Alcal\u00e1\u00a0<\/em><\/p>\n<p>Esta ma\u00f1ana se realiz\u00f3 la rueda de prensa para dar a conocer la producci\u00f3n que se realiza en el estado de Colima, la pel\u00edcula de acci\u00f3n titulada \u00abLa Diva Sicaria, grabaciones que se realiza del 1 al 10 de septiembre, las escenas fueron grabadas en la ciudad de Tecom\u00e1n y en el puerto de Manzanillo.<\/p>\n<p>La actriz colimense Cindy Alcal\u00e1, productora y actriz de Film dio a conocer que lo que se busca es dar a conocer el estado de Colima y sobre todo fomentar valores a trav\u00e9s del cine.<\/p>\n<p>En la rueda de prensa se cont\u00f3 con la presencia del director Alfredo Arellanos, los productores Amador Arellanos y la tambi\u00e9n actriz Cindy Alcal\u00e1, Margarita Villa, Aurora, Dilan C\u00e1rdenas, Roberto Alvarez, Eva Mart\u00ednez, Le\u00f3n Gonz\u00e1lez, Jos\u00e9 Luis Quezada Montiel, Dilan Daniel C\u00e1rdenas Larios, Juan Carlos Olivera Orozco y Thiago Emiliano Alcal\u00e1.<\/p>\n<p>Cabe resaltar que las actuaciones principales recaen en Eva Mart\u00ednez y Rico Carmona, quienes son actores internacionales ya que han trabajado en producciones americanas y mexicanas las cuales han sido dadas a conocer a nivel internacional.<\/p>\n<p>El director de la cinta, Alfredo Arellanos, destac\u00f3 que la finalidad de este filme es dar a conocer los valores del ser humano y sobre todo dar a conocer el estado de Colima al mundo a trav\u00e9s de la cinta, es una pel\u00edcula que se podr\u00e1 ver en familia, a\u00f1adi\u00f3 que se est\u00e1 trabajando contracorriente ya que el cine mexicano independiente ocupa de mucha ayuda, ya que no se cuenta con el apoyo federal para realizar este tipo de producciones.<\/p>\n<p>Destac\u00f3 que conf\u00eda que este sea el parte aguas para poder realizar m\u00e1s filmaciones en el estado de Colima.<\/p>\n","protected":false},"excerpt":{"rendered":"<p>*Se busca promover a Colima y fomentar los valores a trav\u00e9s del cine, dice la actirz Cindy Alcal\u00e1\u00a0 Esta ma\u00f1ana se realiz\u00f3 la rueda de prensa para dar a conocer la producci\u00f3n que se realiza en el estado de Colima, la pel\u00edcula de acci\u00f3n titulada \u00abLa Diva Sicaria, grabaciones que se realiza del 1 al&#8230;<\/p>\n","protected":false},"author":2,"featured_media":18035,"comment_status":"open","ping_status":"open","sticky":false,"template":"","format":"standard","meta":{"footnotes":""},"categories":[32],"tags":[29,30,28],"class_list":["post-18034","post","type-post","status-publish","format-standard","has-post-thumbnail","hentry","category-escenario","tag-grid","tag-news","tag-slider"],"_links":{"self":[{"href":"http:\/\/elobservatorio.com.mx\/index.php?rest_route=\/wp\/v2\/posts\/18034"}],"collection":[{"href":"http:\/\/elobservatorio.com.mx\/index.php?rest_route=\/wp\/v2\/posts"}],"about":[{"href":"http:\/\/elobservatorio.com.mx\/index.php?rest_route=\/wp\/v2\/types\/post"}],"author":[{"embeddable":true,"href":"http:\/\/elobservatorio.com.mx\/index.php?rest_route=\/wp\/v2\/users\/2"}],"replies":[{"embeddable":true,"href":"http:\/\/elobservatorio.com.mx\/index.php?rest_route=%2Fwp%2Fv2%2Fcomments&post=18034"}],"version-history":[{"count":0,"href":"http:\/\/elobservatorio.com.mx\/index.php?rest_route=\/wp\/v2\/posts\/18034\/revisions"}],"wp:featuredmedia":[{"embeddable":true,"href":"http:\/\/elobservatorio.com.mx\/index.php?rest_route=\/wp\/v2\/media\/18035"}],"wp:attachment":[{"href":"http:\/\/elobservatorio.com.mx\/index.php?rest_route=%2Fwp%2Fv2%2Fmedia&parent=18034"}],"wp:term":[{"taxonomy":"category","embeddable":true,"href":"http:\/\/elobservatorio.com.mx\/index.php?rest_route=%2Fwp%2Fv2%2Fcategories&post=18034"},{"taxonomy":"post_tag","embeddable":true,"href":"http:\/\/elobservatorio.com.mx\/index.php?rest_route=%2Fwp%2Fv2%2Ftags&post=18034"}],"curies":[{"name":"wp","href":"https:\/\/api.w.org\/{rel}","templated":true}]}}