{"id":18059,"date":"2021-09-08T15:59:33","date_gmt":"2021-09-08T20:59:33","guid":{"rendered":"http:\/\/elobservatorio.com.mx\/?p=18059"},"modified":"2021-09-08T16:08:17","modified_gmt":"2021-09-08T21:08:17","slug":"extraordinarias-la-quieren-para-morena","status":"publish","type":"post","link":"http:\/\/elobservatorio.com.mx\/?p=18059","title":{"rendered":"#EXTRAORDINARIAS: LA QUIEREN PARA MORENA"},"content":{"rendered":"<div class=\"o9v6fnle cxmmr5t8 oygrvhab hcukyx3x c1et5uql ii04i59q\">\n<div dir=\"auto\"><strong>El dato pol\u00edtico<\/strong><\/div>\n<div dir=\"auto\"><\/div>\n<\/div>\n<div class=\"o9v6fnle cxmmr5t8 oygrvhab hcukyx3x c1et5uql ii04i59q\">\n<div dir=\"auto\">La sorpresa de la semana ha sido que los morenistas de cepa( no arribistas), quieren invitar a la empresaria y contadora tecomense <strong>Marisela Garc\u00eda D\u00edaz<\/strong>, como candidata a la alcald\u00eda tecomense, esto por la gran posibilidad que habr\u00e1\u00a0 elecciones extraordinarias el pr\u00f3ximo 28 de noviembre.<\/div>\n<\/div>\n<div class=\"o9v6fnle cxmmr5t8 oygrvhab hcukyx3x c1et5uql ii04i59q\">\n<div dir=\"auto\"><\/div>\n<div dir=\"auto\">Y esto se debe\u00a0 a muchas cualidades que goza Marisela, adem\u00e1s como ex candidata a diputada local por MC al distrito XV hizo buen papel.<\/div>\n<ul>\n<li dir=\"auto\">Goza de simpat\u00eda y sencillez, adem\u00e1s es muy honesta y trabajadora.<\/li>\n<li dir=\"auto\">En campa\u00f1a pol\u00edtica antepuso los intereses del pueblo, antes que los personales.<\/li>\n<li dir=\"auto\">Realiz\u00f3 una campa\u00f1a de altura, sin descalificaciones ni agresiones, pero si de propuestas.<\/li>\n<li dir=\"auto\">Jam\u00e1s recibi\u00f3 recursos p\u00fablicos para su campa\u00f1a, fueron propios, el partido nunca le dio un peso para ello, sac\u00f3 adelante su campa\u00f1a sin andarse quejando de la falta de recursos.<\/li>\n<li dir=\"auto\">No vive ni ha vivido de la pol\u00edtica, jam\u00e1s ha sido funcionaria o servidora p\u00fablica.<\/li>\n<li dir=\"auto\">Es empresaria, emprendedora y administradora de su empresa de Vidrios y Aluminios en Tecom\u00e1n.<\/li>\n<li dir=\"auto\">Fue parte y pieza importante de la mesa directiva de la <em><strong>Asociaci\u00f3n de Mujeres Empresarias del Estado de Colima<\/strong><\/em>(AMEEC)<\/li>\n<li dir=\"auto\">Sin cargo p\u00fablico es altruista, ayuda a tanta gente necesitada sin distingos, ha hecho el bien sin mirar a qui\u00e9n y sin estarlo publicando. Y lo m\u00e1s importante, con recursos propios, de su bolsa, no de un sueldo de funcionaria o porque maneje recursos p\u00fablicos y pueda disponer de ellos.<\/li>\n<\/ul>\n<\/div>\n<div class=\"o9v6fnle cxmmr5t8 oygrvhab hcukyx3x c1et5uql ii04i59q\">\n<div dir=\"auto\">Cabe se\u00f1alar que estando en la Iniciativa Privada, sin partido, pero con todas esas grandes virtudes arriba se\u00f1aladas, virtudes de las que ya se carece en la clase pol\u00edtica, viendo ese potencial, se le tom\u00f3 en cuenta y fue invitada a encabezar una candidatura a diputada local por el distrito XV por MC.<\/div>\n<div dir=\"auto\"><\/div>\n<div dir=\"auto\">En ese momento en su distrito no valoraron al gran personaje que pretend\u00eda llegar al congreso, precisamente por haberse siempre manejado de perfil bajo ante los medios de comunicaci\u00f3n.<\/div>\n<\/div>\n<div class=\"o9v6fnle cxmmr5t8 oygrvhab hcukyx3x c1et5uql ii04i59q\">\n<div dir=\"auto\"><\/div>\n<div dir=\"auto\">Por eso, por todas esas y m\u00e1s virtudes tanto pol\u00edticas y morales, un grupo fuerte de morenistas y gente sin partido, analizaron y reflexionaron en que un personaje as\u00ed debe ser invitado por un partido que hace ganar a los mejores cuadros (aunque muchos malos se colaron y ganaron) y en este momento el partido de MORENA es la opci\u00f3n.<\/div>\n<div dir=\"auto\">De los morenistas que han levantado la mano ninguno inspira confianza por ser m\u00e1s de lo mismo: o traen muy arraigado el color que divide a la poblaci\u00f3n o son m\u00e1s de lo mismo, pero con el pretexto que son de MORENA.<\/div>\n<div dir=\"auto\">Por lo tanto, la <strong>C. P. Marisela Garcia D\u00edaz<\/strong>,\u00a0 cumple con el perfil que requiere Tecom\u00e1n los proximos tres a\u00f1os un municipio ciudadanizado, fuerte y no politizado. Ya est\u00e1 tomada en cuenta para presentar su nombre en la mesa de opciones.<\/div>\n<div dir=\"auto\">Obviamente, falta que acepte aparecer en las boletas electorales en estas elecciones extraordinarias que se realizar\u00edan este domingo 28 de noviembre.<\/div>\n<div dir=\"auto\">Adem\u00e1s hay que tener en cuenta que este 2021 es\u00a0 el a\u00f1o de las mujeres en pol\u00edtica.<\/div>\n<\/div>\n","protected":false},"excerpt":{"rendered":"<p>El dato pol\u00edtico La sorpresa de la semana ha sido que los morenistas de cepa( no arribistas), quieren invitar a la empresaria y contadora tecomense Marisela Garc\u00eda D\u00edaz, como candidata a la alcald\u00eda tecomense, esto por la gran posibilidad que habr\u00e1\u00a0 elecciones extraordinarias el pr\u00f3ximo 28 de noviembre. Y esto se debe\u00a0 a muchas cualidades&#8230;<\/p>\n","protected":false},"author":2,"featured_media":18061,"comment_status":"open","ping_status":"open","sticky":false,"template":"","format":"standard","meta":{"footnotes":""},"categories":[52,10],"tags":[29,30,28],"class_list":["post-18059","post","type-post","status-publish","format-standard","has-post-thumbnail","hentry","category-elecciones-2021","category-politica","tag-grid","tag-news","tag-slider"],"_links":{"self":[{"href":"http:\/\/elobservatorio.com.mx\/index.php?rest_route=\/wp\/v2\/posts\/18059"}],"collection":[{"href":"http:\/\/elobservatorio.com.mx\/index.php?rest_route=\/wp\/v2\/posts"}],"about":[{"href":"http:\/\/elobservatorio.com.mx\/index.php?rest_route=\/wp\/v2\/types\/post"}],"author":[{"embeddable":true,"href":"http:\/\/elobservatorio.com.mx\/index.php?rest_route=\/wp\/v2\/users\/2"}],"replies":[{"embeddable":true,"href":"http:\/\/elobservatorio.com.mx\/index.php?rest_route=%2Fwp%2Fv2%2Fcomments&post=18059"}],"version-history":[{"count":0,"href":"http:\/\/elobservatorio.com.mx\/index.php?rest_route=\/wp\/v2\/posts\/18059\/revisions"}],"wp:featuredmedia":[{"embeddable":true,"href":"http:\/\/elobservatorio.com.mx\/index.php?rest_route=\/wp\/v2\/media\/18061"}],"wp:attachment":[{"href":"http:\/\/elobservatorio.com.mx\/index.php?rest_route=%2Fwp%2Fv2%2Fmedia&parent=18059"}],"wp:term":[{"taxonomy":"category","embeddable":true,"href":"http:\/\/elobservatorio.com.mx\/index.php?rest_route=%2Fwp%2Fv2%2Fcategories&post=18059"},{"taxonomy":"post_tag","embeddable":true,"href":"http:\/\/elobservatorio.com.mx\/index.php?rest_route=%2Fwp%2Fv2%2Ftags&post=18059"}],"curies":[{"name":"wp","href":"https:\/\/api.w.org\/{rel}","templated":true}]}}