{"id":1815,"date":"2019-01-23T17:42:49","date_gmt":"2019-01-23T17:42:49","guid":{"rendered":"http:\/\/elobservatorio.com.mx\/felipe-cruz-preside-instalacion-del-comite-municipal-de-salud-villalvarense"},"modified":"2019-01-23T17:42:49","modified_gmt":"2019-01-23T17:42:49","slug":"felipe-cruz-preside-instalacion-del-comite-municipal-de-salud-villalvarense","status":"publish","type":"post","link":"http:\/\/elobservatorio.com.mx\/?p=1815","title":{"rendered":"Felipe Cruz Preside Instalaci\u00f3n del Comit\u00e9 Municipal de Salud Villalvarense"},"content":{"rendered":"<p><em>*Ante Secretario Estatal de Salud, Miguel Becerra, funcionarios municipales integran este Comit\u00e9 <\/em><\/p>\n<p>Cuando asumimos el compromiso de conducir el Ayuntamiento, nos qued\u00f3 claro que s\u00f3lo con la suma de voluntades garantizar\u00edamos servicios y obras de calidad y con calidez a los ciudadanos; hoy, al poner en marcha este Comit\u00e9 Municipal de Salud, refrendamos dicho compromiso de coordinarnos y abrazar tareas en com\u00fan, comenzando por la cultura de la prevenci\u00f3n, que tanto nos hace falta.<\/p>\n<p>As\u00ed lo expres\u00f3 Felipe Cruz Calvario, Presidente Municipal de Villa de \u00c1lvarez, al presidir la instalaci\u00f3n del Comit\u00e9 Municipal de Salud, en el Sal\u00f3n de Cabildo, ante la presencia del Secretario de Salud y Bienestar Social, Miguel Becerra Hern\u00e1ndez.<\/p>\n<p>Cruz Calvario coment\u00f3 que en Villa de \u00c1lvarez decimos s\u00ed a toda acci\u00f3n conjunta de ciudadanos y autoridades federales, estatales y municipales, dejando de lado sellos partidistas, ideolog\u00edas y diferencias pol\u00edticas; decimos s\u00ed al trabajo que nos une y nos motiva a servir con entusiasmo, por la salud de los ciudadanos y sus familias, porque la salud es una primera condici\u00f3n en los niveles \u00f3ptimos de\u00a0 calidad de vida; estamos en un gran momento de unirnos, de trazar metas comunes y decir a los ciudadanos que vale la pena la pluralidad y la unidad de objetivos; trabajemos por un municipio saludable, porque Villa de \u00c1lvarez cuente con un gran nivel de salud en lo m\u00e1s importante: su gente.<\/p>\n<p>Quienes se integraron a este Comit\u00e9 de Salud, presidido por el alcalde villalvarense, son la Presidenta del DIF Municipal y esposa del alcalde, Patricia Ceballos Polanco; las regidoras Graciela Jim\u00e9nez Meza y Mayr\u00e9n Polanco Gayt\u00e1n; el regidor Jos\u00e9 \u00c1ngel Barbosa Alc\u00e1ntar; la secretaria del Ayuntamiento, M\u00f3nica Guti\u00e9rrez Mendoza; la directora del DIF Municipal, Lorena Leticia Novela G\u00e1lvez; la directora de Atenci\u00f3n Ciudadana, Hermelinda Carrillo Gamboa; la directora del Instituto Villalvarense de la Mujer, Laura Patricia Carvajal Berber; el director general de Servicios P\u00fablicos, H\u00e9ctor Rub\u00e9n Cisneros; el director de Fomento Deportivo, Jos\u00e9 \u00c1valos Garc\u00eda; el director de Prevenci\u00f3n del Delito, Onofre Miranda; el director de Protecci\u00f3n Civil, \u00c1lvaro Casta\u00f1eda \u00c1lvarez; y personal del Sector Salud de Gobierno del Estado.<\/p>\n","protected":false},"excerpt":{"rendered":"<p>*Ante Secretario Estatal de Salud, Miguel Becerra, funcionarios municipales integran este Comit\u00e9 Cuando asumimos el compromiso de conducir el Ayuntamiento, nos qued\u00f3 claro que s\u00f3lo con la suma de voluntades garantizar\u00edamos servicios y obras de calidad y con calidez a los ciudadanos; hoy, al poner en marcha este Comit\u00e9 Municipal de Salud, refrendamos dicho compromiso&#8230;<\/p>\n","protected":false},"author":2,"featured_media":1816,"comment_status":"open","ping_status":"open","sticky":false,"template":"","format":"standard","meta":{"footnotes":""},"categories":[8,42],"tags":[29,30,28],"class_list":["post-1815","post","type-post","status-publish","format-standard","has-post-thumbnail","hentry","category-municipios","category-villa-de-alvarez","tag-grid","tag-news","tag-slider"],"_links":{"self":[{"href":"http:\/\/elobservatorio.com.mx\/index.php?rest_route=\/wp\/v2\/posts\/1815"}],"collection":[{"href":"http:\/\/elobservatorio.com.mx\/index.php?rest_route=\/wp\/v2\/posts"}],"about":[{"href":"http:\/\/elobservatorio.com.mx\/index.php?rest_route=\/wp\/v2\/types\/post"}],"author":[{"embeddable":true,"href":"http:\/\/elobservatorio.com.mx\/index.php?rest_route=\/wp\/v2\/users\/2"}],"replies":[{"embeddable":true,"href":"http:\/\/elobservatorio.com.mx\/index.php?rest_route=%2Fwp%2Fv2%2Fcomments&post=1815"}],"version-history":[{"count":0,"href":"http:\/\/elobservatorio.com.mx\/index.php?rest_route=\/wp\/v2\/posts\/1815\/revisions"}],"wp:featuredmedia":[{"embeddable":true,"href":"http:\/\/elobservatorio.com.mx\/index.php?rest_route=\/wp\/v2\/media\/1816"}],"wp:attachment":[{"href":"http:\/\/elobservatorio.com.mx\/index.php?rest_route=%2Fwp%2Fv2%2Fmedia&parent=1815"}],"wp:term":[{"taxonomy":"category","embeddable":true,"href":"http:\/\/elobservatorio.com.mx\/index.php?rest_route=%2Fwp%2Fv2%2Fcategories&post=1815"},{"taxonomy":"post_tag","embeddable":true,"href":"http:\/\/elobservatorio.com.mx\/index.php?rest_route=%2Fwp%2Fv2%2Ftags&post=1815"}],"curies":[{"name":"wp","href":"https:\/\/api.w.org\/{rel}","templated":true}]}}