{"id":18210,"date":"2021-09-20T12:57:23","date_gmt":"2021-09-20T17:57:23","guid":{"rendered":"http:\/\/elobservatorio.com.mx\/?p=18210"},"modified":"2021-09-20T12:57:23","modified_gmt":"2021-09-20T17:57:23","slug":"colima-participa-del-segundo-simulacro-nacional-de-evacuacion","status":"publish","type":"post","link":"http:\/\/elobservatorio.com.mx\/?p=18210","title":{"rendered":"Colima participa del Segundo Simulacro Nacional de Evacuaci\u00f3n"},"content":{"rendered":"<p class=\"x_MsoNormal\"><span lang=\"ES-MX\">Este domingo se llev\u00f3 a cabo el Segundo Simulacro Nacional de Evacuaci\u00f3n de Inmuebles 2021, en el marco del D\u00eda Nacional de Protecci\u00f3n Civil y en conmemoraci\u00f3n de los sismos de 1985 y 2017.<\/span><\/p>\n<p class=\"x_MsoNormal\"><span lang=\"ES-MX\">En el ejercicio llevado a cabo por personal de la Unidad Estatal de Protecci\u00f3n Civil, se revis\u00f3 que los protocolos de evacuaci\u00f3n fueran suficientes para poner a salvo a la poblaci\u00f3n que pudiera encontrarse dentro de cualquier inmueble o establecimiento.<\/span><\/p>\n<p class=\"x_MsoNormal\"><span lang=\"ES-MX\">En este evento se cont\u00f3 con la participaci\u00f3n de ciudadanos, personal de guardia todas las dependencias del Gobierno del Estado, instituciones de seguridad de los 10 municipios, as\u00ed como del personal del Hospital General de Manzanillo.<\/span><\/p>\n<p class=\"x_MsoNormal\"><span lang=\"ES-MX\">Se invita a la poblaci\u00f3n a estar preparada ante este tipo de eventos y a que recuerden que los sismos no se pueden predecir. Asimismo, que siempre se considere un Plan Familiar de Protecci\u00f3n Civil y su mochila de emergencias.<\/span><\/p>\n","protected":false},"excerpt":{"rendered":"<p>Este domingo se llev\u00f3 a cabo el Segundo Simulacro Nacional de Evacuaci\u00f3n de Inmuebles 2021, en el marco del D\u00eda Nacional de Protecci\u00f3n Civil y en conmemoraci\u00f3n de los sismos de 1985 y 2017. En el ejercicio llevado a cabo por personal de la Unidad Estatal de Protecci\u00f3n Civil, se revis\u00f3 que los protocolos de&#8230;<\/p>\n","protected":false},"author":2,"featured_media":18211,"comment_status":"open","ping_status":"open","sticky":false,"template":"","format":"standard","meta":{"footnotes":""},"categories":[16],"tags":[29,30,28],"class_list":["post-18210","post","type-post","status-publish","format-standard","has-post-thumbnail","hentry","category-gobierno","tag-grid","tag-news","tag-slider"],"_links":{"self":[{"href":"http:\/\/elobservatorio.com.mx\/index.php?rest_route=\/wp\/v2\/posts\/18210"}],"collection":[{"href":"http:\/\/elobservatorio.com.mx\/index.php?rest_route=\/wp\/v2\/posts"}],"about":[{"href":"http:\/\/elobservatorio.com.mx\/index.php?rest_route=\/wp\/v2\/types\/post"}],"author":[{"embeddable":true,"href":"http:\/\/elobservatorio.com.mx\/index.php?rest_route=\/wp\/v2\/users\/2"}],"replies":[{"embeddable":true,"href":"http:\/\/elobservatorio.com.mx\/index.php?rest_route=%2Fwp%2Fv2%2Fcomments&post=18210"}],"version-history":[{"count":0,"href":"http:\/\/elobservatorio.com.mx\/index.php?rest_route=\/wp\/v2\/posts\/18210\/revisions"}],"wp:featuredmedia":[{"embeddable":true,"href":"http:\/\/elobservatorio.com.mx\/index.php?rest_route=\/wp\/v2\/media\/18211"}],"wp:attachment":[{"href":"http:\/\/elobservatorio.com.mx\/index.php?rest_route=%2Fwp%2Fv2%2Fmedia&parent=18210"}],"wp:term":[{"taxonomy":"category","embeddable":true,"href":"http:\/\/elobservatorio.com.mx\/index.php?rest_route=%2Fwp%2Fv2%2Fcategories&post=18210"},{"taxonomy":"post_tag","embeddable":true,"href":"http:\/\/elobservatorio.com.mx\/index.php?rest_route=%2Fwp%2Fv2%2Ftags&post=18210"}],"curies":[{"name":"wp","href":"https:\/\/api.w.org\/{rel}","templated":true}]}}