{"id":18222,"date":"2021-09-20T13:31:50","date_gmt":"2021-09-20T18:31:50","guid":{"rendered":"http:\/\/elobservatorio.com.mx\/?p=18222"},"modified":"2021-09-20T13:31:50","modified_gmt":"2021-09-20T18:31:50","slug":"invitan-a-conferencia-negocios-recurrentes","status":"publish","type":"post","link":"http:\/\/elobservatorio.com.mx\/?p=18222","title":{"rendered":"Invitan a conferencia \u201cNegocios recurrentes\u201d"},"content":{"rendered":"<p>Como parte del ciclo \u201cCharlas para Innovar\u201d, que organiza la Direcci\u00f3n General de Innovaci\u00f3n y Cultura Emprendedora de la Universidad de Colima, este mi\u00e9rcoles 22, a las doce horas, Efra\u00edn Figueiras, destacado Experto en marketing digital en M\u00e9xico con su agencia web Netcommerce, con sede en Guadalajara, impartir\u00e1 la conferencia \u201cNegocios recurrentes\u201d. Las y los interesados en atender esta conferencia pueden registrarse en: <a href=\"https:\/\/forms.gle\/eSLXr8vbZeTRbh816\" target=\"_blank\" rel=\"noopener\">https:\/\/forms.gle\/eSLXr8vbZeTRbh816<\/a>.<\/p>\n","protected":false},"excerpt":{"rendered":"<p>Como parte del ciclo \u201cCharlas para Innovar\u201d, que organiza la Direcci\u00f3n General de Innovaci\u00f3n y Cultura Emprendedora de la Universidad de Colima, este mi\u00e9rcoles 22, a las doce horas, Efra\u00edn Figueiras, destacado Experto en marketing digital en M\u00e9xico con su agencia web Netcommerce, con sede en Guadalajara, impartir\u00e1 la conferencia \u201cNegocios recurrentes\u201d. Las y los&#8230;<\/p>\n","protected":false},"author":2,"featured_media":18223,"comment_status":"open","ping_status":"open","sticky":false,"template":"","format":"standard","meta":{"footnotes":""},"categories":[14,19],"tags":[29,30,28],"class_list":["post-18222","post","type-post","status-publish","format-standard","has-post-thumbnail","hentry","category-educacion-y-cultura","category-fotonotas","tag-grid","tag-news","tag-slider"],"_links":{"self":[{"href":"http:\/\/elobservatorio.com.mx\/index.php?rest_route=\/wp\/v2\/posts\/18222"}],"collection":[{"href":"http:\/\/elobservatorio.com.mx\/index.php?rest_route=\/wp\/v2\/posts"}],"about":[{"href":"http:\/\/elobservatorio.com.mx\/index.php?rest_route=\/wp\/v2\/types\/post"}],"author":[{"embeddable":true,"href":"http:\/\/elobservatorio.com.mx\/index.php?rest_route=\/wp\/v2\/users\/2"}],"replies":[{"embeddable":true,"href":"http:\/\/elobservatorio.com.mx\/index.php?rest_route=%2Fwp%2Fv2%2Fcomments&post=18222"}],"version-history":[{"count":0,"href":"http:\/\/elobservatorio.com.mx\/index.php?rest_route=\/wp\/v2\/posts\/18222\/revisions"}],"wp:featuredmedia":[{"embeddable":true,"href":"http:\/\/elobservatorio.com.mx\/index.php?rest_route=\/wp\/v2\/media\/18223"}],"wp:attachment":[{"href":"http:\/\/elobservatorio.com.mx\/index.php?rest_route=%2Fwp%2Fv2%2Fmedia&parent=18222"}],"wp:term":[{"taxonomy":"category","embeddable":true,"href":"http:\/\/elobservatorio.com.mx\/index.php?rest_route=%2Fwp%2Fv2%2Fcategories&post=18222"},{"taxonomy":"post_tag","embeddable":true,"href":"http:\/\/elobservatorio.com.mx\/index.php?rest_route=%2Fwp%2Fv2%2Ftags&post=18222"}],"curies":[{"name":"wp","href":"https:\/\/api.w.org\/{rel}","templated":true}]}}