{"id":18239,"date":"2021-09-21T00:15:36","date_gmt":"2021-09-21T05:15:36","guid":{"rendered":"http:\/\/elobservatorio.com.mx\/?p=18239"},"modified":"2021-09-21T00:20:08","modified_gmt":"2021-09-21T05:20:08","slug":"manzanillo-con-un-puerto-de-clase-mundial-pero-con-carreteras-deplorables-riult-rivera","status":"publish","type":"post","link":"http:\/\/elobservatorio.com.mx\/?p=18239","title":{"rendered":"Manzanillo con un Puerto de Clase Mundial, pero con carreteras deplorables: Riult Rivera"},"content":{"rendered":"<p><em>*Urgent\u00edsima la construci\u00f3n de una nueva carretera Villa de Alvarez- Minatitl\u00e1n, adem\u00e1s la reparaci\u00f3n total de tramos carreteros en el Puerto de Manzanillo, dice el diputado federal<\/em><\/p>\n<p>Belisario Romero | El Observatorio<\/p>\n<p><em><strong>Colima Col<\/strong><\/em>.- Es \u00a0muy importante\u00a0 trabajar en equipo quienes estaremos en la escena pol\u00edtica en estos pr\u00f3ximos tres y seis a\u00f1os,\u00a0 con la intenci\u00f3n de que el estado le vaya bien, haciendo equipo y trabajando en armon\u00eda lo m\u00e1s posible y con ello se generar\u00e1n mejores resultados para la poblaci\u00f3n.<\/p>\n<p>Lo anterior lo manifest\u00f3 el diputado federal panista, <em><strong>Riult Rivera Guti\u00e9rrez<\/strong><\/em>, en entrevista exclusiva con <em>El Observatorio Noticias<\/em>,\u00a0 quien se\u00f1al\u00f3 que se debe hacer equipo por Colima, desde luego respetando mutuamente las posiciones de cada persona que estar\u00e1n en el escenario, como las diputadas y diputados locales,\u00a0 alcaldesas y alcaldes, as\u00ed como la gobernadora, diputadas y diputado federal como su servidor, asever\u00f3.<\/p>\n<blockquote><p><em>\u00abdebemos mantener comunicaci\u00f3n,\u00a0 con la intenci\u00f3n de que podamos hacer sinergia en los temas de gesti\u00f3n. Mucho he comentado en el pasado de la necesidad urgent\u00edsima ya, vista y muy clara de los recursos para poder generar una nueva carretera o al menos la que hoy se tiene, que sea en condiciones diferentes con mayor seguridad, me refiero a la de Minatitl\u00e1n- Villa de \u00c1lvarez y la de Minatitl\u00e1n &#8211; Manzanillo.<\/em><\/p><\/blockquote>\n<p>Se\u00f1al\u00f3 que lamentablamente dichas carreteras se han vuelto muy peligrosas por estar ya muy da\u00f1adas y ha cobrado vidas humanas en estos d\u00edas, \u00abes un tema que estar\u00e9 tratando de influir en el presupuesto federal de este a pr\u00f3ximo a\u00f1o para que tengamos la posibilidad de poder generar recursos que es ah\u00ed donde tenemos que trabajar en conjunto que el interes prioritario sea Colima<\/p>\n<p>Asimismo mencion\u00f3 que ha insistido en la necesidad de qu\u00e9 v\u00eda legislativa se generan las\u00a0 reformas a las leyes federales con la intenci\u00f3n de que el puerto de Manzanillo genere recursos directos al estado y los municipios, en donde la finalidad sea el desarrollo del estado de Colima y los municipios.<\/p>\n<p>\u00abdentro de las acciones a emprender es precisamente es el mantenimiento y la generaci\u00f3n de nuevos tramos carreteros para tener vialidades seguras, adem\u00e1s acorde a la clase de Puerto que tenemos que es\u00a0 de clase mundial, pero sus l\u00edneas carreteras no est\u00e1 en las mismas condiciones\u00bb.<\/p>\n<p>El legislador insisti\u00f3 en la urgencia de invertir en ello, pues simple y sencillamente el ingreso del Puerto y a la ciudad de Manzanillo es un verdadero caos, por ello se necesita generar \u00a0infraestructura vial que permita hacer una distribuci\u00f3n adecuada del tr\u00e1fico vial para tener agilidad en todos sentidos, tanto\u00a0 en el ingreso y salida del Puerto, as\u00ed como la circulaci\u00f3n al interior de la ciudad de Manzanillo.<\/p>\n<p>Finalmente dijo que como legislador federal espera que se pueda tener esa comunicaci\u00f3n con el resto de legisladores de forma permanente y que se puedan\u00a0 tener buenos resultados para nuestro estado. Adem\u00e1s de buscar los mecanismos de que se retribuya un porcentaje del impuesto que genera el Puerto, que incluso, pueda irse para infraestructura carretera.Que los da\u00f1os que el movimiento portuario puedan causar a la infraestructura carretera, se retribuya a trav\u00e9s de regresarle recursos para la reparaci\u00f3n y obras viales.<\/p>\n","protected":false},"excerpt":{"rendered":"<p>*Urgent\u00edsima la construci\u00f3n de una nueva carretera Villa de Alvarez- Minatitl\u00e1n, adem\u00e1s la reparaci\u00f3n total de tramos carreteros en el Puerto de Manzanillo, dice el diputado federal Belisario Romero | El Observatorio Colima Col.- Es \u00a0muy importante\u00a0 trabajar en equipo quienes estaremos en la escena pol\u00edtica en estos pr\u00f3ximos tres y seis a\u00f1os,\u00a0 con la&#8230;<\/p>\n","protected":false},"author":2,"featured_media":18240,"comment_status":"open","ping_status":"open","sticky":false,"template":"","format":"standard","meta":{"footnotes":""},"categories":[1],"tags":[29,30,28],"class_list":["post-18239","post","type-post","status-publish","format-standard","has-post-thumbnail","hentry","category-espacio-legislativo","tag-grid","tag-news","tag-slider"],"_links":{"self":[{"href":"http:\/\/elobservatorio.com.mx\/index.php?rest_route=\/wp\/v2\/posts\/18239"}],"collection":[{"href":"http:\/\/elobservatorio.com.mx\/index.php?rest_route=\/wp\/v2\/posts"}],"about":[{"href":"http:\/\/elobservatorio.com.mx\/index.php?rest_route=\/wp\/v2\/types\/post"}],"author":[{"embeddable":true,"href":"http:\/\/elobservatorio.com.mx\/index.php?rest_route=\/wp\/v2\/users\/2"}],"replies":[{"embeddable":true,"href":"http:\/\/elobservatorio.com.mx\/index.php?rest_route=%2Fwp%2Fv2%2Fcomments&post=18239"}],"version-history":[{"count":0,"href":"http:\/\/elobservatorio.com.mx\/index.php?rest_route=\/wp\/v2\/posts\/18239\/revisions"}],"wp:featuredmedia":[{"embeddable":true,"href":"http:\/\/elobservatorio.com.mx\/index.php?rest_route=\/wp\/v2\/media\/18240"}],"wp:attachment":[{"href":"http:\/\/elobservatorio.com.mx\/index.php?rest_route=%2Fwp%2Fv2%2Fmedia&parent=18239"}],"wp:term":[{"taxonomy":"category","embeddable":true,"href":"http:\/\/elobservatorio.com.mx\/index.php?rest_route=%2Fwp%2Fv2%2Fcategories&post=18239"},{"taxonomy":"post_tag","embeddable":true,"href":"http:\/\/elobservatorio.com.mx\/index.php?rest_route=%2Fwp%2Fv2%2Ftags&post=18239"}],"curies":[{"name":"wp","href":"https:\/\/api.w.org\/{rel}","templated":true}]}}