{"id":18254,"date":"2021-09-21T13:28:07","date_gmt":"2021-09-21T18:28:07","guid":{"rendered":"http:\/\/elobservatorio.com.mx\/?p=18254"},"modified":"2021-09-21T13:28:07","modified_gmt":"2021-09-21T18:28:07","slug":"rendira-salvador-bueno-su-tercer-informe-el-lunes-27-de-septiembre-de-manera-virtual","status":"publish","type":"post","link":"http:\/\/elobservatorio.com.mx\/?p=18254","title":{"rendered":"Rendir\u00e1 Salvador Bueno su tercer informe el lunes 27 de septiembre de manera virtual"},"content":{"rendered":"<p>El alcalde Salvador Bueno Arceo emitir\u00e1 un mensaje a la ciudadan\u00eda el pr\u00f3ximo lunes 27 de septiembre a las 7:00 de la noche, en el marco de su tercer informe de gobierno municipal, mismo que ser\u00e1 transmitido a trav\u00e9s de las redes sociales de la p\u00e1gina oficial del Ayuntamiento de Armer\u00eda.<\/p>\n<p>En este sentido, el mun\u00edcipe dijo que se declar\u00f3 como recinto oficial el sal\u00f3n de cabildo del Ayuntamiento, Eusebio Michel Rinc\u00f3n, en donde se tiene previsto realizar la sesi\u00f3n solemne, en cuyo orden del d\u00eda se contempla la intervenci\u00f3n del alcalde armeritense para dar su mensaje, en el que destacar\u00e1 los principales logros de su gobierno, en tanto el documento \u00edntegro de su tercer informe ser\u00e1 remitido al Congreso del Estado, con el prop\u00f3sito de cumplir con todos los protocolos de ley.<\/p>\n<p>En su informe, el alcalde Salvador Bueno abordar\u00e1 los programas m\u00e1s exitosos de la administraci\u00f3n municipal como alumbrado p\u00fablico, infraestructura urbana, rehabilitaci\u00f3n de vialidades, ampliaci\u00f3n y rehabilitaci\u00f3n de la red de agua potable que ha logrado beneficiar a zonas que por a\u00f1os no contaban con este servicio, entre muchas otras acciones m\u00e1<\/p>\n","protected":false},"excerpt":{"rendered":"<p>El alcalde Salvador Bueno Arceo emitir\u00e1 un mensaje a la ciudadan\u00eda el pr\u00f3ximo lunes 27 de septiembre a las 7:00 de la noche, en el marco de su tercer informe de gobierno municipal, mismo que ser\u00e1 transmitido a trav\u00e9s de las redes sociales de la p\u00e1gina oficial del Ayuntamiento de Armer\u00eda. En este sentido, el&#8230;<\/p>\n","protected":false},"author":2,"featured_media":18255,"comment_status":"open","ping_status":"open","sticky":false,"template":"","format":"standard","meta":{"footnotes":""},"categories":[33,8],"tags":[29,30,28],"class_list":["post-18254","post","type-post","status-publish","format-standard","has-post-thumbnail","hentry","category-armeria","category-municipios","tag-grid","tag-news","tag-slider"],"_links":{"self":[{"href":"http:\/\/elobservatorio.com.mx\/index.php?rest_route=\/wp\/v2\/posts\/18254"}],"collection":[{"href":"http:\/\/elobservatorio.com.mx\/index.php?rest_route=\/wp\/v2\/posts"}],"about":[{"href":"http:\/\/elobservatorio.com.mx\/index.php?rest_route=\/wp\/v2\/types\/post"}],"author":[{"embeddable":true,"href":"http:\/\/elobservatorio.com.mx\/index.php?rest_route=\/wp\/v2\/users\/2"}],"replies":[{"embeddable":true,"href":"http:\/\/elobservatorio.com.mx\/index.php?rest_route=%2Fwp%2Fv2%2Fcomments&post=18254"}],"version-history":[{"count":0,"href":"http:\/\/elobservatorio.com.mx\/index.php?rest_route=\/wp\/v2\/posts\/18254\/revisions"}],"wp:featuredmedia":[{"embeddable":true,"href":"http:\/\/elobservatorio.com.mx\/index.php?rest_route=\/wp\/v2\/media\/18255"}],"wp:attachment":[{"href":"http:\/\/elobservatorio.com.mx\/index.php?rest_route=%2Fwp%2Fv2%2Fmedia&parent=18254"}],"wp:term":[{"taxonomy":"category","embeddable":true,"href":"http:\/\/elobservatorio.com.mx\/index.php?rest_route=%2Fwp%2Fv2%2Fcategories&post=18254"},{"taxonomy":"post_tag","embeddable":true,"href":"http:\/\/elobservatorio.com.mx\/index.php?rest_route=%2Fwp%2Fv2%2Ftags&post=18254"}],"curies":[{"name":"wp","href":"https:\/\/api.w.org\/{rel}","templated":true}]}}