{"id":1835,"date":"2019-01-24T19:22:44","date_gmt":"2019-01-24T19:22:44","guid":{"rendered":"http:\/\/elobservatorio.com.mx\/es-salvador-castaneda-meillon-el-nuevo-contralor-municipal"},"modified":"2019-01-24T19:22:44","modified_gmt":"2019-01-24T19:22:44","slug":"es-salvador-castaneda-meillon-el-nuevo-contralor-municipal","status":"publish","type":"post","link":"http:\/\/elobservatorio.com.mx\/?p=1835","title":{"rendered":"Es Salvador Casta\u00f1eda Meill\u00f3n el nuevo contralor municipal"},"content":{"rendered":"<p><em>*Aprueban ediles por mayor\u00eda Presupuesto de Egresos 2019 por 430 millones 119 mil 241 pesos con 87 centavos.<\/em><\/p>\n<p>En lo que fue la D\u00e9cimo Segunda Sesi\u00f3n Extraordinaria de Cabildo, y con el voto por unanimidad de los integrantes del H. Cabildo Municipal se eligi\u00f3 a Salvador Casta\u00f1eda Meill\u00f3n, como el nuevo contralor del H. Ayuntamiento de Tecom\u00e1n en sustituci\u00f3n de Marco Antonio Salas Moreno.<\/p>\n<p>El Presidente Municipal El\u00edas Antonio Lozano Ochoa le tom\u00f3 protesta al nuevo contralor quien es Licenciado en Derecho egresado de la Universidad de Colima, con maestr\u00eda en administraci\u00f3n de justicia, diplomado de formaci\u00f3n de mediadores y certificado como mediador y conciliador independiente, por el Poder Judicial del Estado de Colima; Doctor en Derecho por la Universidad Aut\u00f3noma de Aguascalientes, diplomado en regulaci\u00f3n por la Comisi\u00f3n Federal de Mejora Regulatoria LATIN-REG; y tiene especialidad en Sistema de Justicia Penal Acusatorio Adversarial.<\/p>\n<p>Por otra parte y en la misma sesi\u00f3n de cabildo en el punto No. 5 del orden del d\u00eda la Comisi\u00f3n de Hacienda Municipal present\u00f3 el dictamen para el an\u00e1lisis y aprobaci\u00f3n del Proyecto de Presupuesto de Egresos para el Ejercicio Fiscal 2019, el cual fue aprobado por mayor\u00eda calificada, por el orden de los 430 millones 119 mil 241.87.<\/p>\n","protected":false},"excerpt":{"rendered":"<p>*Aprueban ediles por mayor\u00eda Presupuesto de Egresos 2019 por 430 millones 119 mil 241 pesos con 87 centavos. En lo que fue la D\u00e9cimo Segunda Sesi\u00f3n Extraordinaria de Cabildo, y con el voto por unanimidad de los integrantes del H. Cabildo Municipal se eligi\u00f3 a Salvador Casta\u00f1eda Meill\u00f3n, como el nuevo contralor del H. Ayuntamiento&#8230;<\/p>\n","protected":false},"author":2,"featured_media":1836,"comment_status":"open","ping_status":"open","sticky":false,"template":"","format":"standard","meta":{"footnotes":""},"categories":[8,34],"tags":[29,30,28],"class_list":["post-1835","post","type-post","status-publish","format-standard","has-post-thumbnail","hentry","category-municipios","category-tecoman","tag-grid","tag-news","tag-slider"],"_links":{"self":[{"href":"http:\/\/elobservatorio.com.mx\/index.php?rest_route=\/wp\/v2\/posts\/1835"}],"collection":[{"href":"http:\/\/elobservatorio.com.mx\/index.php?rest_route=\/wp\/v2\/posts"}],"about":[{"href":"http:\/\/elobservatorio.com.mx\/index.php?rest_route=\/wp\/v2\/types\/post"}],"author":[{"embeddable":true,"href":"http:\/\/elobservatorio.com.mx\/index.php?rest_route=\/wp\/v2\/users\/2"}],"replies":[{"embeddable":true,"href":"http:\/\/elobservatorio.com.mx\/index.php?rest_route=%2Fwp%2Fv2%2Fcomments&post=1835"}],"version-history":[{"count":0,"href":"http:\/\/elobservatorio.com.mx\/index.php?rest_route=\/wp\/v2\/posts\/1835\/revisions"}],"wp:featuredmedia":[{"embeddable":true,"href":"http:\/\/elobservatorio.com.mx\/index.php?rest_route=\/wp\/v2\/media\/1836"}],"wp:attachment":[{"href":"http:\/\/elobservatorio.com.mx\/index.php?rest_route=%2Fwp%2Fv2%2Fmedia&parent=1835"}],"wp:term":[{"taxonomy":"category","embeddable":true,"href":"http:\/\/elobservatorio.com.mx\/index.php?rest_route=%2Fwp%2Fv2%2Fcategories&post=1835"},{"taxonomy":"post_tag","embeddable":true,"href":"http:\/\/elobservatorio.com.mx\/index.php?rest_route=%2Fwp%2Fv2%2Ftags&post=1835"}],"curies":[{"name":"wp","href":"https:\/\/api.w.org\/{rel}","templated":true}]}}