{"id":18356,"date":"2021-09-27T20:53:01","date_gmt":"2021-09-28T01:53:01","guid":{"rendered":"http:\/\/elobservatorio.com.mx\/?p=18356"},"modified":"2021-09-27T20:53:01","modified_gmt":"2021-09-28T01:53:01","slug":"por-robo-equiparado-de-vehiculo-va-a-prision","status":"publish","type":"post","link":"http:\/\/elobservatorio.com.mx\/?p=18356","title":{"rendered":"Por robo equiparado de veh\u00edculo va a prisi\u00f3n"},"content":{"rendered":"<p><em>*Fue sorprendido conduciendo un veh\u00edculo con reporte de robo en Villa de \u00c1lvarez<\/em><\/p>\n<p>Un hombre que viajaba a bordo de un veh\u00edculo robado, fue vinculado a proceso por el Juez de Control por el delito de robo equiparado, luego de ser detenido por agentes de la Polic\u00eda Estatal e investigado por la Fiscal\u00eda General del Estado (FGE).<\/p>\n<p>Tras los hechos ocurridos el pasado 23 de septiembre sobre el libramiento Griselda \u00c1lvarez en el municipio de Villa de \u00c1lvarez, el conductor fue detenido cuando circulaba en una unidad Nissan tipo pickup, misma que al ser inspeccionada y confrontada con el sistema, result\u00f3 con reporte de robo vigente.<\/p>\n<p>Por estos hechos, el hombre fue puesto a disposici\u00f3n de la autoridad ministerial, quien luego de las investigaciones lo present\u00f3 ante la autoridad judicial donde el Juez calific\u00f3 de legal la detenci\u00f3n, lo vincul\u00f3 a proceso y le impuso la prisi\u00f3n preventiva justificada, as\u00ed como un mes de plazo para la investigaci\u00f3n complementaria.<\/p>\n<p>Con el trabajo coordinado entre los diferentes \u00f3rdenes de gobierno y las corporaciones policiacas, la FGE procura la justicia para las v\u00edctimas del delito, logrando que los responsables obtengan las sanciones que la ley marca. En esta tarea es importante la participaci\u00f3n de la sociedad con sus llamadas a las l\u00edneas 089 para las denuncias an\u00f3nimas y el 911 para los reportes de emergencia.<\/p>\n","protected":false},"excerpt":{"rendered":"<p>*Fue sorprendido conduciendo un veh\u00edculo con reporte de robo en Villa de \u00c1lvarez Un hombre que viajaba a bordo de un veh\u00edculo robado, fue vinculado a proceso por el Juez de Control por el delito de robo equiparado, luego de ser detenido por agentes de la Polic\u00eda Estatal e investigado por la Fiscal\u00eda General del&#8230;<\/p>\n","protected":false},"author":2,"featured_media":18357,"comment_status":"open","ping_status":"open","sticky":false,"template":"","format":"standard","meta":{"footnotes":""},"categories":[15],"tags":[29,30,28],"class_list":["post-18356","post","type-post","status-publish","format-standard","has-post-thumbnail","hentry","category-seguridad-y-justicia","tag-grid","tag-news","tag-slider"],"_links":{"self":[{"href":"http:\/\/elobservatorio.com.mx\/index.php?rest_route=\/wp\/v2\/posts\/18356"}],"collection":[{"href":"http:\/\/elobservatorio.com.mx\/index.php?rest_route=\/wp\/v2\/posts"}],"about":[{"href":"http:\/\/elobservatorio.com.mx\/index.php?rest_route=\/wp\/v2\/types\/post"}],"author":[{"embeddable":true,"href":"http:\/\/elobservatorio.com.mx\/index.php?rest_route=\/wp\/v2\/users\/2"}],"replies":[{"embeddable":true,"href":"http:\/\/elobservatorio.com.mx\/index.php?rest_route=%2Fwp%2Fv2%2Fcomments&post=18356"}],"version-history":[{"count":0,"href":"http:\/\/elobservatorio.com.mx\/index.php?rest_route=\/wp\/v2\/posts\/18356\/revisions"}],"wp:featuredmedia":[{"embeddable":true,"href":"http:\/\/elobservatorio.com.mx\/index.php?rest_route=\/wp\/v2\/media\/18357"}],"wp:attachment":[{"href":"http:\/\/elobservatorio.com.mx\/index.php?rest_route=%2Fwp%2Fv2%2Fmedia&parent=18356"}],"wp:term":[{"taxonomy":"category","embeddable":true,"href":"http:\/\/elobservatorio.com.mx\/index.php?rest_route=%2Fwp%2Fv2%2Fcategories&post=18356"},{"taxonomy":"post_tag","embeddable":true,"href":"http:\/\/elobservatorio.com.mx\/index.php?rest_route=%2Fwp%2Fv2%2Ftags&post=18356"}],"curies":[{"name":"wp","href":"https:\/\/api.w.org\/{rel}","templated":true}]}}