{"id":18359,"date":"2021-09-27T21:02:53","date_gmt":"2021-09-28T02:02:53","guid":{"rendered":"http:\/\/elobservatorio.com.mx\/?p=18359"},"modified":"2021-09-27T21:02:53","modified_gmt":"2021-09-28T02:02:53","slug":"cerramos-con-paso-firme-y-en-la-direccion-correcta-salvador-bueno","status":"publish","type":"post","link":"http:\/\/elobservatorio.com.mx\/?p=18359","title":{"rendered":"Cerramos con paso firme y en la direcci\u00f3n correcta: Salvador Bueno"},"content":{"rendered":"<p>ARMER\u00cdA. En la lectura de su tercer informe de labores, el alcalde Salvador Bueno Arceo, acompa\u00f1ado de Jaime Flores Merlo, secretario de Educaci\u00f3n, representante del gobernador Jos\u00e9 Ignacio Peralta S\u00e1nchez, asegur\u00f3 que cierra la administraci\u00f3n con paso firme y en la direcci\u00f3n correcta, cumpliendo los compromisos de campa\u00f1a.<\/p>\n<p>Al representante del gobernador en la sesi\u00f3n solemne, Jaime Flores Merlo le entreg\u00f3 el informe, lo mismo que a Rosa Elena Plasencia Rodr\u00edguez, representante del Supremo Tribunal de Justicia, as\u00ed como a la s\u00edndico Sara Villanueva Olea.<\/p>\n<p>En ese sentido, asegur\u00f3 que siempre dio prioridad a las obras sociales y de infraestructura; especialmente, en la rehabilitaci\u00f3n de alumbrado p\u00fablico; \u201cconstruimos la cancha techada del Puertecito, una de las peticiones m\u00e1s sentidas de esa comunidad\u201d.<\/p>\n<p>\u201cConstruimos pobras de empedrado en Rinc\u00f3n de L\u00f3pez y Periquillo, entre otras obras como redes de agua potable y drenaje; reparaci\u00f3n de equipo de pozos de agua, de tal forma que puedo decir que hemos realizado un trabajo sensible y de car\u00e1cter social, dirigido a la poblaci\u00f3n m\u00e1s vulnerable del municipio\u201d, apunt\u00f3.<\/p>\n<p>Bueno Arceo se congratul\u00f3 por haber llevado obras a todos los rincones del municipio y siempre fue exigente de que las obras fueran de calidad, porque los ciudadanos se lo merecen<br \/>\nLament\u00f3 el problema que gener\u00f3 la pandemia, pues adem\u00e1s de enlutar muchas familias, tambi\u00e9n golpeo fuerte la econom\u00eda familiar, por lo cual dimos apoyo con gel antibacterial y cubre bocas a restauranteros de playas y del municipio.<\/p>\n<p>Entre otras cosas, cit\u00f3 que gir\u00f3 instrucciones para que se sanitizar espacios p\u00fablicos y del ayuntamiento, para evitar infecciones del Covid-19, por ello agradece a sus amigos que prestaron maquinaria y bombas para rosear, as\u00ed como a presidentes de juntas municipales y comisarios.<\/p>\n<p>Destac\u00f3 adem\u00e1s el apoyo que se otorg\u00f3 por los da\u00f1os ocasionados por el Hurac\u00e1n Nora y la tormenta tropical Olaf; \u201cpersonalmente apoye con maquinaria y v\u00edveres para los damnificados, se\u00f1alando que siempre le movi\u00f3 el inter\u00e9s de su pueblo y desde d\u00f3nde est\u00e9 seguir\u00e1 estar\u00e1 para servir.<\/p>\n<p>El alcalde Salvador Bueno, agradeci\u00f3 a todos los integrantes de su cabildo y funcionarios del ayuntamiento, DIF y Comapal, por ese apoyo que le otorgaron durante los tres a\u00f1os.<\/p>\n<p>Cabe destacar que como invitada especial al informe de labores, la presidenta municipal electa, Diana Zepeda Figueroa.<\/p>\n","protected":false},"excerpt":{"rendered":"<p>ARMER\u00cdA. En la lectura de su tercer informe de labores, el alcalde Salvador Bueno Arceo, acompa\u00f1ado de Jaime Flores Merlo, secretario de Educaci\u00f3n, representante del gobernador Jos\u00e9 Ignacio Peralta S\u00e1nchez, asegur\u00f3 que cierra la administraci\u00f3n con paso firme y en la direcci\u00f3n correcta, cumpliendo los compromisos de campa\u00f1a. Al representante del gobernador en la sesi\u00f3n&#8230;<\/p>\n","protected":false},"author":2,"featured_media":18360,"comment_status":"open","ping_status":"open","sticky":false,"template":"","format":"standard","meta":{"footnotes":""},"categories":[33,8],"tags":[29,30,28],"class_list":["post-18359","post","type-post","status-publish","format-standard","has-post-thumbnail","hentry","category-armeria","category-municipios","tag-grid","tag-news","tag-slider"],"_links":{"self":[{"href":"http:\/\/elobservatorio.com.mx\/index.php?rest_route=\/wp\/v2\/posts\/18359"}],"collection":[{"href":"http:\/\/elobservatorio.com.mx\/index.php?rest_route=\/wp\/v2\/posts"}],"about":[{"href":"http:\/\/elobservatorio.com.mx\/index.php?rest_route=\/wp\/v2\/types\/post"}],"author":[{"embeddable":true,"href":"http:\/\/elobservatorio.com.mx\/index.php?rest_route=\/wp\/v2\/users\/2"}],"replies":[{"embeddable":true,"href":"http:\/\/elobservatorio.com.mx\/index.php?rest_route=%2Fwp%2Fv2%2Fcomments&post=18359"}],"version-history":[{"count":0,"href":"http:\/\/elobservatorio.com.mx\/index.php?rest_route=\/wp\/v2\/posts\/18359\/revisions"}],"wp:featuredmedia":[{"embeddable":true,"href":"http:\/\/elobservatorio.com.mx\/index.php?rest_route=\/wp\/v2\/media\/18360"}],"wp:attachment":[{"href":"http:\/\/elobservatorio.com.mx\/index.php?rest_route=%2Fwp%2Fv2%2Fmedia&parent=18359"}],"wp:term":[{"taxonomy":"category","embeddable":true,"href":"http:\/\/elobservatorio.com.mx\/index.php?rest_route=%2Fwp%2Fv2%2Fcategories&post=18359"},{"taxonomy":"post_tag","embeddable":true,"href":"http:\/\/elobservatorio.com.mx\/index.php?rest_route=%2Fwp%2Fv2%2Ftags&post=18359"}],"curies":[{"name":"wp","href":"https:\/\/api.w.org\/{rel}","templated":true}]}}