{"id":18362,"date":"2021-09-27T21:22:05","date_gmt":"2021-09-28T02:22:05","guid":{"rendered":"http:\/\/elobservatorio.com.mx\/?p=18362"},"modified":"2021-09-27T21:22:05","modified_gmt":"2021-09-28T02:22:05","slug":"udec-la-via-legal","status":"publish","type":"post","link":"http:\/\/elobservatorio.com.mx\/?p=18362","title":{"rendered":"UdeC, la v\u00eda\u00a0legal"},"content":{"rendered":"<p class=\"x_MsoNormal\"><b>PARACA\u00cdDAS<\/b><\/p>\n<p class=\"x_MsoNormal\"><em><span style=\"font-family: Garamond, serif;\"><b>Rogelio Guedea<\/b><\/span><\/em><\/p>\n<p class=\"x_MsoNormal\">Queda poco m\u00e1s de un mes para que termine el gobierno de Nacho Peralta y los compromisos con respecto al impago a diversos organismos aut\u00f3nomos contin\u00faa, lo anterior pese a que tambi\u00e9n una parte de la responsabilidad la asumi\u00f3 el presidente L\u00f3pez Obrador en su \u00faltima visita a nuestra entidad. El pago de salarios a trabajadores de gobierno del Estado y al gremio de maestros lleva retraso considerable y no se diga el pago a las instituciones referidas.<\/p>\n<p class=\"x_MsoNormal\">Entre ellas est\u00e1 una que es sumamente importante para el desarrollo de nuestro Estado y que adem\u00e1s impacta a miles de familias: la Universidad de Colima, cuyo rector Christian Torres Ortiz, luego de varios comunicados requiriendo la atenci\u00f3n inminente del Ejecutivo estatal para resolver esta problem\u00e1tica (el adeudo a la universidad ascender\u00e1 pronto a 300 millones de pesos), se ha tenido que ver en la necesidad de formalizar dos demandas: una ante el Osafig (que busca desvelar qu\u00e9 se hizo con esa partida presupuestal aprobada para la instituci\u00f3n educativa) y una m\u00e1s ante la Fiscal\u00eda Anticorrupci\u00f3n (con la finalidad de buscar a los responsable, en caso de haberlos, del posible mal uso de la partida presupuestal).<\/p>\n<p class=\"x_MsoNormal\">No creo, a estas alturas, que el gobernador Nacho Peralta pueda resolver la deuda del impago universitario, ni ninguna otra deuda que tiene a su encargo, pues de propia boca del Ejecutivo estatal nos enteramos de que\u00a0 el gobierno del Estado est\u00e1 pr\u00e1cticamente en bancarrota, pero s\u00ed creo que dada la transici\u00f3n que se est\u00e1 dando del gobierno y de sistema y de lo involucrado que empieza a estar la gobernadora electa Indira Vizca\u00edno en los asuntos de inter\u00e9s p\u00fablico,\u00a0 se pueda tener tambi\u00e9n una coordinaci\u00f3n de su parte para saber en qu\u00e9 etapa del proceso se encuentra la resoluci\u00f3n del impago que en breve empezara a impedir que la m\u00e1xima instituci\u00f3n educativa de nuestra entidad pueda llevar a cabo sus actividades sustanciales, sin afectar a casi treinta mil estudiantes, m\u00e1s de cuatro mil familias y, sobre todo, a las pol\u00edticas p\u00fablicas en las cuales la universidad tiene una participaci\u00f3n trascendente.<\/p>\n<p class=\"x_MsoNormal\">El rector Tores Ortiz ha marcado una impronta en la forma en que est\u00e1 llevando una asunto tan crucial para el desarrollo de la propia instituci\u00f3n: antes de salir a las calles a protestar (sujeto a un derecho que tendr\u00eda por ley de manifestarse, sobre todo porque ha recibido expl\u00edcitamente el apoyo de todos los sectores universitarios, entre ellos el propio Consejo, su \u00f3rgano m\u00e1s importante de gobierno), el rector se ha decidido por la v\u00eda legal, creo yo que la de mayor peso en estas coyunturas.<\/p>\n<p class=\"x_MsoNormal\">Lo ha hecho respaldado igualmente por el Consejo y por gran parte de la sociedad y el mensaje que env\u00eda es que es realmente seria la necesidad de que a la universidad no s\u00f3lo se le cumpla con el impago sino que se establezcan las medidas necesarias para que esta situaci\u00f3n ya no se vuelva a dar en el futuro, de ninguna manera. Esperemos que la gobernadora electa Indira Vizca\u00edno, a quien seguramente le corresponder\u00e1 resolver esta problem\u00e1tica, asegure para la Universidad de Colima un plan de certidumbre no solo financiera sino tambi\u00e9n moral de respeto a su autonom\u00eda,\u00a0 y que esa relaci\u00f3n de respeto y de mutua colaboraci\u00f3n (como se ha dado hasta ahora, pese a los tiempos dif\u00edciles) sirva para reconstruir el porvenir de los colimenses en \u00e1reas tan \u00e1lgidas como la propia educaci\u00f3n, la seguridad y la salud. Estamos en una etapa de persecuci\u00f3n de la inteligencia y la disidencia, pero esperemos que este no sea jam\u00e1s el caso para un estado que lo que requiere es uni\u00f3n de esfuerzos y proyecci\u00f3n hacia un futuro menos aciago.<\/p>\n","protected":false},"excerpt":{"rendered":"<p>PARACA\u00cdDAS Rogelio Guedea Queda poco m\u00e1s de un mes para que termine el gobierno de Nacho Peralta y los compromisos con respecto al impago a diversos organismos aut\u00f3nomos contin\u00faa, lo anterior pese a que tambi\u00e9n una parte de la responsabilidad la asumi\u00f3 el presidente L\u00f3pez Obrador en su \u00faltima visita a nuestra entidad. El pago&#8230;<\/p>\n","protected":false},"author":2,"featured_media":1053,"comment_status":"open","ping_status":"open","sticky":false,"template":"","format":"standard","meta":{"footnotes":""},"categories":[11],"tags":[29,30,28],"class_list":["post-18362","post","type-post","status-publish","format-standard","has-post-thumbnail","hentry","category-opinion","tag-grid","tag-news","tag-slider"],"_links":{"self":[{"href":"http:\/\/elobservatorio.com.mx\/index.php?rest_route=\/wp\/v2\/posts\/18362"}],"collection":[{"href":"http:\/\/elobservatorio.com.mx\/index.php?rest_route=\/wp\/v2\/posts"}],"about":[{"href":"http:\/\/elobservatorio.com.mx\/index.php?rest_route=\/wp\/v2\/types\/post"}],"author":[{"embeddable":true,"href":"http:\/\/elobservatorio.com.mx\/index.php?rest_route=\/wp\/v2\/users\/2"}],"replies":[{"embeddable":true,"href":"http:\/\/elobservatorio.com.mx\/index.php?rest_route=%2Fwp%2Fv2%2Fcomments&post=18362"}],"version-history":[{"count":0,"href":"http:\/\/elobservatorio.com.mx\/index.php?rest_route=\/wp\/v2\/posts\/18362\/revisions"}],"wp:featuredmedia":[{"embeddable":true,"href":"http:\/\/elobservatorio.com.mx\/index.php?rest_route=\/wp\/v2\/media\/1053"}],"wp:attachment":[{"href":"http:\/\/elobservatorio.com.mx\/index.php?rest_route=%2Fwp%2Fv2%2Fmedia&parent=18362"}],"wp:term":[{"taxonomy":"category","embeddable":true,"href":"http:\/\/elobservatorio.com.mx\/index.php?rest_route=%2Fwp%2Fv2%2Fcategories&post=18362"},{"taxonomy":"post_tag","embeddable":true,"href":"http:\/\/elobservatorio.com.mx\/index.php?rest_route=%2Fwp%2Fv2%2Ftags&post=18362"}],"curies":[{"name":"wp","href":"https:\/\/api.w.org\/{rel}","templated":true}]}}