{"id":1838,"date":"2019-01-24T19:31:02","date_gmt":"2019-01-24T19:31:02","guid":{"rendered":"http:\/\/elobservatorio.com.mx\/el-stand-agropecuario-de-la-direccion-de-desarrollo-rural-de-los-mas-visitados-en-la-feria-del-limon"},"modified":"2019-01-24T19:31:02","modified_gmt":"2019-01-24T19:31:02","slug":"el-stand-agropecuario-de-la-direccion-de-desarrollo-rural-de-los-mas-visitados-en-la-feria-del-limon","status":"publish","type":"post","link":"http:\/\/elobservatorio.com.mx\/?p=1838","title":{"rendered":"El stand agropecuario de la direcci\u00f3n de Desarrollo Rural de los m\u00e1s visitados en la Feria del Lim\u00f3n"},"content":{"rendered":"<p><em>*Arranc\u00f3 este jueves el Concurso de La Vaca Lechera.<\/em><\/p>\n<p>A trav\u00e9s de la Direcci\u00f3n de Desarrollo Rural del H. Ayuntamiento de Tecom\u00e1n, que encabeza Jos\u00e9 Luis C\u00e1zares Bravo, se organiz\u00f3, con mucha anticipaci\u00f3n, la instalaci\u00f3n de productos y empresas agr\u00edcolas as\u00ed como m\u00f3dulos de riego y exposici\u00f3n ganadera, en el Stand Agropecuario en la Feria del Lim\u00f3n Tecom\u00e1n 2019, logrando un \u00e1rea atractiva para quienes visitan la feria, dijo el sub director de la dependencia Rub\u00e9n L\u00f3pez Vizca\u00edno.<\/p>\n<p>Destac\u00f3, que desde un principio el Presidente Municipal El\u00edas Lozano Ochoa, dej\u00f3 asentado que quer\u00eda que el m\u00e1ximo festejo anual de los tecomenses fuera un lugar 100 por ciento familiar; logrando, con el apoyo de todos los involucrados, crear un espacio arm\u00f3nico, con muchas cosas que ver, y se logr\u00f3 conjuntar la presencia de varios sistemas producto como es el caso del lim\u00f3n, el pl\u00e1tano, el mango y el bamb\u00fa.<\/p>\n<p>Menci\u00f3n aparte, merece, dijo, la exposici\u00f3n ganadera, en cuyo m\u00f3dulo se tiene una gran cantidad de clases de bovinos, equinos, ovinos y caprinos, sementales de diferentes razas que f\u00e1cilmente se adaptan a \u00e9sta regi\u00f3n; entre muchos otros m\u00e1s \u201ceste jueves, la Asociaci\u00f3n Ganadera Local que encabeza el M\u00e9dico Veterinario Flavio Enrique Ch\u00e1vez C\u00e1rdenas, inici\u00f3 el concurso de La Vaca Lechera con la participaci\u00f3n de 5 vacas en producci\u00f3n, cuya leche se estar\u00e1 pesando y se llevar\u00e1 la contabilizaci\u00f3n del pesaje, a lo largo de tres d\u00edas, como un control por los kilos de leche producida, para el s\u00e1bado 26, hacer la premiaci\u00f3n que consta de botiqu\u00edn veterinario, alfalfa y alimento lechero\u201d.<\/p>\n<p>De igual forma, coment\u00f3 que estar\u00e1n dos vacas m\u00e1s disponibles para los tradicionales \u201cpajaretes\u201d o \u201cpalomas\u201d y agradeci\u00f3 el apoyo de los patrocinadores que hicieron posible con concurso de La Vaca Lechera como son: Insumos Pecuarios Pegaso, Israel Gallardo Aparicio, Alimentos y Farmacia Veterinaria La Vaca Lola, Alimentos Ortega y Alimentos y Farmacia Veterinaria NutriCol.<\/p>\n<p>L\u00f3pez Vizca\u00edno dijo que en el Stand Agropecuario, se tiene la presencia de instituciones oficiales como \u201cINIFAP, la Junta Estatal de Sanidad Vegetal; Fundaci\u00f3n Produce, el Centro Reproductor de Insectos Ben\u00e9ficos; as\u00ed como empresas particulares como Coco Colima, Miel Margarita, Miel Santa Rosa, Citrojugo, Grupo Colim\u00e1n y Sicar\u201d.<\/p>\n<p>Otro de los atractivos es la maqueta que coloc\u00f3 el Sistema Producto Papayo en donde se coloc\u00f3 a escala, todo el proceso, desde siembra, hasta cosecha y transportaci\u00f3n de uno de los cultivos que le ha generado, al municipio de Tecom\u00e1n, una importante derrama econ\u00f3mica y una generosa fuente de empleo con m\u00e1s de 2 mil hect\u00e1reas cultivadas<\/p>\n<p>Finalmente L\u00f3pez Vizca\u00edno destac\u00f3 la maqueta del M\u00f3dulo de Riego Tecuanillo que refleja la superficie y cultivos que se encuentran establecidos dentro del m\u00f3dulo cuyas tierras son regadas bajo los sistemas tecnificados de irrigaci\u00f3n que existen.<\/p>\n","protected":false},"excerpt":{"rendered":"<p>*Arranc\u00f3 este jueves el Concurso de La Vaca Lechera. A trav\u00e9s de la Direcci\u00f3n de Desarrollo Rural del H. Ayuntamiento de Tecom\u00e1n, que encabeza Jos\u00e9 Luis C\u00e1zares Bravo, se organiz\u00f3, con mucha anticipaci\u00f3n, la instalaci\u00f3n de productos y empresas agr\u00edcolas as\u00ed como m\u00f3dulos de riego y exposici\u00f3n ganadera, en el Stand Agropecuario en la Feria&#8230;<\/p>\n","protected":false},"author":2,"featured_media":1839,"comment_status":"open","ping_status":"open","sticky":false,"template":"","format":"standard","meta":{"footnotes":""},"categories":[8,34],"tags":[29,30,28],"class_list":["post-1838","post","type-post","status-publish","format-standard","has-post-thumbnail","hentry","category-municipios","category-tecoman","tag-grid","tag-news","tag-slider"],"_links":{"self":[{"href":"http:\/\/elobservatorio.com.mx\/index.php?rest_route=\/wp\/v2\/posts\/1838"}],"collection":[{"href":"http:\/\/elobservatorio.com.mx\/index.php?rest_route=\/wp\/v2\/posts"}],"about":[{"href":"http:\/\/elobservatorio.com.mx\/index.php?rest_route=\/wp\/v2\/types\/post"}],"author":[{"embeddable":true,"href":"http:\/\/elobservatorio.com.mx\/index.php?rest_route=\/wp\/v2\/users\/2"}],"replies":[{"embeddable":true,"href":"http:\/\/elobservatorio.com.mx\/index.php?rest_route=%2Fwp%2Fv2%2Fcomments&post=1838"}],"version-history":[{"count":0,"href":"http:\/\/elobservatorio.com.mx\/index.php?rest_route=\/wp\/v2\/posts\/1838\/revisions"}],"wp:featuredmedia":[{"embeddable":true,"href":"http:\/\/elobservatorio.com.mx\/index.php?rest_route=\/wp\/v2\/media\/1839"}],"wp:attachment":[{"href":"http:\/\/elobservatorio.com.mx\/index.php?rest_route=%2Fwp%2Fv2%2Fmedia&parent=1838"}],"wp:term":[{"taxonomy":"category","embeddable":true,"href":"http:\/\/elobservatorio.com.mx\/index.php?rest_route=%2Fwp%2Fv2%2Fcategories&post=1838"},{"taxonomy":"post_tag","embeddable":true,"href":"http:\/\/elobservatorio.com.mx\/index.php?rest_route=%2Fwp%2Fv2%2Ftags&post=1838"}],"curies":[{"name":"wp","href":"https:\/\/api.w.org\/{rel}","templated":true}]}}